{"id":901,"date":"2026-01-19T17:50:55","date_gmt":"2026-01-19T16:50:55","guid":{"rendered":"https:\/\/lamaquia.cat\/cas\/?p=901"},"modified":"2026-01-21T17:53:05","modified_gmt":"2026-01-21T16:53:05","slug":"red-de-mujeres-tejiendo-el-futuro","status":"publish","type":"post","link":"https:\/\/lamaquia.cat\/cas\/red-de-mujeres-tejiendo-el-futuro\/","title":{"rendered":"Red de Mujeres Tejiendo el Futuro"},"content":{"rendered":"\t\t<div data-elementor-type=\"wp-post\" data-elementor-id=\"901\" class=\"elementor elementor-901\">\n\t\t\t\t<div class=\"elementor-element elementor-element-56226b0 e-flex e-con-boxed e-con e-parent\" data-id=\"56226b0\" data-element_type=\"container\">\n\t\t\t\t\t<div class=\"e-con-inner\">\n\t\t\t\t<div class=\"elementor-element elementor-element-a2a90e4 elementor-widget elementor-widget-text-editor\" data-id=\"a2a90e4\" data-element_type=\"widget\" data-widget_type=\"text-editor.default\">\n\t\t\t\t<div class=\"elementor-widget-container\">\n\t\t\t\t\t\t\t\t\t<p>Queridas compa\u00f1eras,<\/p><p>\u00a0<\/p><p>como sab\u00e9is, la situaci\u00f3n se est\u00e1 agravando r\u00e1pidamente en muchas regiones del mundo en estos momentos. Mientras las guerras genocidas contin\u00faan en lugares como Palestina y Sud\u00e1n, vemos c\u00f3mo se agravan las crisis en Venezuela, Kurdist\u00e1n, Ir\u00e1n y Siria. A pesar de las presiones y los ataques de los Estados y los grupos fascistas, a pesar de todo tipo de belicismo e intervencionismo, la gente sigue resistiendo y luchando por el derecho a decidir su propio futuro y a vivir en un mundo marcado por la justicia, la paz y la libertad.<\/p><p>\u00a0<\/p><p>Como Red de Mujeres Tejiendo el Futuro, consideramos que todas las luchas por la justicia y la liberaci\u00f3n est\u00e1n intr\u00ednsecamente conectadas entre s\u00ed. Recientemente, hemos estado organizando acciones en solidaridad con las mujeres de Palestina, Baluchist\u00e1n, Sud\u00e1n y toda Abya Yala. Ahora, nos unimos a millones de personas para pedir una movilizaci\u00f3n masiva en favor del pueblo del Kurdist\u00e1n.<\/p><p>\u00a0<\/p><p>\u00a1Sabemos que la resistencia y la protesta ser\u00e1n necesarias para detener la guerra! Tras una serie de brutales masacres sectarias contra las comunidades alauitas y drusas, los grupos yihadistas de Siria, que han sido blanqueados y legitimados por la comunidad internacional de Estados desde la ca\u00edda de Bashar al Assad, ahora tienen como objetivo los barrios kurdos de Alepo.<\/p><p>\u00a0<\/p><p>Recientemente hemos hecho un llamamiento a la acci\u00f3n en solidaridad con el pueblo kurdo que resiste en Alepo, Siria y en todo Rojava\/Bethnarain. Esperamos m\u00e1s ataques, e incluso m\u00e1s intensos, en el pr\u00f3ximo periodo. Estos ataques son un asalto hist\u00f3rico a nivel mundial contra el movimiento de liberaci\u00f3n de las mujeres kurdas, que es una de las principales referencias y fuerzas motrices de nuestra Red.<\/p><p>\u00a0<\/p><p>\u00a1No nos quedaremos de brazos cruzados mientras contin\u00faan estos ataques contra nuestras compa\u00f1eras y contra nuestros horizontes comunes de libertad! A continuaci\u00f3n, compartimos fuentes, as\u00ed como algunas de nuestras campa\u00f1as recientes, organizadas de forma descentralizada por iniciativa de los diversos grupos y movimientos vinculados a nuestra Red. Os invitamos cordialmente a todos a participar en estas acciones y a tejer un movimiento fuerte por la paz.<\/p><p>\u00a0<\/p><p><strong><u>Informaci\u00f3n y an\u00e1lisis:<\/u><\/strong><\/p><p>\u00a0<\/p><ul><li>Para conocer las \u00faltimas noticias de la resistencia, pod\u00e9is visitar la Agencia de Noticias Firat (en varios idiomas).<br \/><br \/><\/li><li>Pod\u00e9is encontrar dossiers detallados y actualizaciones sobre la situaci\u00f3n de las mujeres en la p\u00e1gina web de Kongra Star, la organizaci\u00f3n paraguas del movimiento de mujeres de la regi\u00f3n.<br \/><br \/><\/li><li>Para obtener informaci\u00f3n general sobre la administraci\u00f3n aut\u00f3noma en el norte y el este de Siria y sobre los \u00faltimos acontecimientos de la situaci\u00f3n pol\u00edtica en la regi\u00f3n, pod\u00e9is visitar el Centro de Informaci\u00f3n de Rojava.<br \/><br \/><\/li><li>Para leer un an\u00e1lisis del contexto geopol\u00edtico, recomendamos este an\u00e1lisis de Ronahi \u2013Centro Juvenil de Relaciones P\u00fablicas.<br \/><br \/><\/li><li>En kurdo, turco y \u00e1rabe, pod\u00e9is seguir los canales y redes sociales de JinTV, Mezopotamya Ajansi, Sterk TV, Medya Haber y Ronahi TV. Algunos de los programas tambi\u00e9n est\u00e1n disponibles en ingl\u00e9s.<\/li><\/ul><div>\u00a0<\/div><div>\u00a0<\/div><p><strong><u>Acciones<\/u><\/strong>:<br \/><br \/><\/p><p>Las campa\u00f1as Riseup4Rojava (R4R) y Women Defend Rojava (WDR) coordinan acciones en diferentes lugares e informan sobre las pr\u00f3ximas acciones en diferentes ciudades y pa\u00edses. Para obtener informaci\u00f3n actualizada sobre las acciones, siga sus cuentas centrales en las redes sociales, as\u00ed como sus p\u00e1ginas locales con informaci\u00f3n actualizada sobre las actividades cerca de usted.<br \/><br \/><\/p><p><strong>RiseUp4Rojava (cuentas principales)<\/strong><\/p><p><strong>Instagram<\/strong>: riseup.4rojava<\/p><p><strong>Telegram<\/strong>: t.me\/RiseUp4RojavaEng<\/p><p><strong>X<\/strong>: @RISEUP4R0JAVA<br \/><br \/><\/p><p><strong>WomenDefendRojava (cuentas principales)<\/strong><\/p><p><strong>Instagram<\/strong>: women_defend_rojava<\/p><p><strong>Telegram<\/strong>: t.me\/womendefend<\/p><p><strong>X<\/strong>: @WomenDefendRoj1<\/p><p><strong>Tomad la iniciativa y sed creativas, utilizando todos los medios de movilizaci\u00f3n y organizaci\u00f3n a vuestro alcance. \u00a1Contactad con todas vuestras conocidas, organizad manifestaciones en vuestras calles, plazas, escuelas y lugares de trabajo!<\/strong><\/p><p><strong>\u00a0<\/strong><\/p><p>Mientras os organiz\u00e1is, apoyad a todas las comunidades: alauitas, drusos, kurdos, sirios, \u00e1rabes, armenios, asirios, etc. en Siria, as\u00ed como a todos los pueblos oprimidos del mundo. Los pueblos del mundo solo podr\u00e1n liberarse si todos los pueblos son libres. La respuesta m\u00e1s contundente a las guerras ser\u00e1 conectar la resistencia y las luchas de todo el mundo.<\/p><p>\u00a0<\/p><p>Si necesit\u00e1is m\u00e1s informaci\u00f3n, no dud\u00e9is en preguntarnos. Tambi\u00e9n podemos enviar fotograf\u00edas, declaraciones, v\u00eddeos, etc. para su uso en los medios de comunicaci\u00f3n de Siria, Kurdist\u00e1n y otras regiones. \u00a1Cubrir nuestra protesta es fundamental para hacer visible nuestra solidaridad y generar esperanza!<\/p><p>\u00a0<\/p><p><strong><u>Donaciones<\/u><\/strong><\/p><p>\u00a0<\/p><p>La Fundaci\u00f3n de Mujeres Libres de Siria (Weqfa Jina Azad a S\u00fbriy\u00ea), una organizaci\u00f3n de confianza, ha publicado un llamamiento para solicitar ayuda humanitaria urgente.<\/p><p>\u00a0<\/p><p><strong>\u00a1Nos vemos en las calles!<\/strong><\/p><p><strong>\u00a0<\/strong><strong>\u00a0<\/strong><\/p><p>\u00a1Una vez m\u00e1s, repetimos nuestro llamamiento urgente a todas las mujeres y a todos los internacionalistas, movimientos y fuerzas democr\u00e1ticas para que alcen sus voces y defiendan los barrios revolucionarios de Alepo y la revoluci\u00f3n de las mujeres en Rojava!<\/p><p>\u00a0<\/p><p>Esta resistencia no solo concierne a un grupo de personas. Se trata de la defensa de la vida, de las comunidades que han trabajado para construir una vida com\u00fan y pac\u00edfica en Siria. La revoluci\u00f3n de Rojava es una estrella brillante del internacionalismo en la historia de la libertad de la humanidad.<\/p><p>\u00a0<\/p><p>Con saludos llenos de ira, pero tambi\u00e9n de determinaci\u00f3n para resistir \u2014en Kurdist\u00e1n, Siria, Palestina, Venezuela, Ir\u00e1n y todos los lugares en los que vivimos\u2014 contra el fascismo, la cultura de la violaci\u00f3n y el belicismo imperialista y colonial. Nuestra ira se convertir\u00e1 en resistencia para todas las mujeres, para todas las personas.<\/p><p style=\"text-align: right;\"><em>Red de Mujeres Tejiendo el Futuro<\/em><\/p>\t\t\t\t\t\t\t\t<\/div>\n\t\t\t\t<\/div>\n\t\t\t\t\t<\/div>\n\t\t\t\t<\/div>\n\t\t\t\t<\/div>\n\t\t","protected":false},"excerpt":{"rendered":"<p>Queridas compa\u00f1eras, \u00a0 como sab\u00e9is, la situaci\u00f3n se est\u00e1 agravando r\u00e1pidamente en muchas regiones del mundo en estos momentos. Mientras las guerras genocidas contin\u00faan en lugares como Palestina y Sud\u00e1n, [&hellip;]<\/p>\n","protected":false},"author":1,"featured_media":0,"comment_status":"closed","ping_status":"open","sticky":false,"template":"","format":"standard","meta":{"saved_in_kubio":false,"footnotes":""},"categories":[1],"tags":[],"class_list":["post-901","post","type-post","status-publish","format-standard","hentry","category-sin-categoria"],"yoast_head":"<!-- This site is optimized with the Yoast SEO plugin v23.7 - https:\/\/yoast.com\/wordpress\/plugins\/seo\/ -->\n<title>Red de Mujeres Tejiendo el Futuro - La Maquia<\/title>\n<meta name=\"robots\" content=\"index, follow, max-snippet:-1, max-image-preview:large, max-video-preview:-1\" \/>\n<link rel=\"canonical\" href=\"https:\/\/lamaquia.cat\/cas\/red-de-mujeres-tejiendo-el-futuro\/\" \/>\n<meta property=\"og:locale\" content=\"es_ES\" \/>\n<meta property=\"og:type\" content=\"article\" \/>\n<meta property=\"og:title\" content=\"Red de Mujeres Tejiendo el Futuro - La Maquia\" \/>\n<meta property=\"og:description\" content=\"Queridas compa\u00f1eras, \u00a0 como sab\u00e9is, la situaci\u00f3n se est\u00e1 agravando r\u00e1pidamente en muchas regiones del mundo en estos momentos. Mientras las guerras genocidas contin\u00faan en lugares como Palestina y Sud\u00e1n, [&hellip;]\" \/>\n<meta property=\"og:url\" content=\"https:\/\/lamaquia.cat\/cas\/red-de-mujeres-tejiendo-el-futuro\/\" \/>\n<meta property=\"og:site_name\" content=\"La Maquia\" \/>\n<meta property=\"article:published_time\" content=\"2026-01-19T16:50:55+00:00\" \/>\n<meta property=\"article:modified_time\" content=\"2026-01-21T16:53:05+00:00\" \/>\n<meta property=\"og:image\" content=\"https:\/\/lamaquia.cat\/cas\/wp-content\/uploads\/sites\/2\/2024\/10\/Logo-La-Maquia_Fucsia_Web.png\" \/>\n\t<meta property=\"og:image:width\" content=\"512\" \/>\n\t<meta property=\"og:image:height\" content=\"512\" \/>\n\t<meta property=\"og:image:type\" content=\"image\/png\" \/>\n<meta name=\"author\" content=\"MaquiaAdmin\" \/>\n<meta name=\"twitter:card\" content=\"summary_large_image\" \/>\n<meta name=\"twitter:creator\" content=\"@azadijin_cat\" \/>\n<meta name=\"twitter:site\" content=\"@azadijin_cat\" \/>\n<meta name=\"twitter:label1\" content=\"Escrito por\" \/>\n\t<meta name=\"twitter:data1\" content=\"MaquiaAdmin\" \/>\n\t<meta name=\"twitter:label2\" content=\"Tiempo de lectura\" \/>\n\t<meta name=\"twitter:data2\" content=\"4 minutos\" \/>\n<script type=\"application\/ld+json\" class=\"yoast-schema-graph\">{\"@context\":\"https:\/\/schema.org\",\"@graph\":[{\"@type\":\"Article\",\"@id\":\"https:\/\/lamaquia.cat\/cas\/red-de-mujeres-tejiendo-el-futuro\/#article\",\"isPartOf\":{\"@id\":\"https:\/\/lamaquia.cat\/cas\/red-de-mujeres-tejiendo-el-futuro\/\"},\"author\":{\"name\":\"MaquiaAdmin\",\"@id\":\"https:\/\/lamaquia.cat\/cas\/#\/schema\/person\/bb2b1aa60c96fdc02b75568fdb05b75e\"},\"headline\":\"Red de Mujeres Tejiendo el Futuro\",\"datePublished\":\"2026-01-19T16:50:55+00:00\",\"dateModified\":\"2026-01-21T16:53:05+00:00\",\"mainEntityOfPage\":{\"@id\":\"https:\/\/lamaquia.cat\/cas\/red-de-mujeres-tejiendo-el-futuro\/\"},\"wordCount\":972,\"publisher\":{\"@id\":\"https:\/\/lamaquia.cat\/cas\/#organization\"},\"inLanguage\":\"es\"},{\"@type\":\"WebPage\",\"@id\":\"https:\/\/lamaquia.cat\/cas\/red-de-mujeres-tejiendo-el-futuro\/\",\"url\":\"https:\/\/lamaquia.cat\/cas\/red-de-mujeres-tejiendo-el-futuro\/\",\"name\":\"Red de Mujeres Tejiendo el Futuro - La Maquia\",\"isPartOf\":{\"@id\":\"https:\/\/lamaquia.cat\/cas\/#website\"},\"datePublished\":\"2026-01-19T16:50:55+00:00\",\"dateModified\":\"2026-01-21T16:53:05+00:00\",\"breadcrumb\":{\"@id\":\"https:\/\/lamaquia.cat\/cas\/red-de-mujeres-tejiendo-el-futuro\/#breadcrumb\"},\"inLanguage\":\"es\",\"potentialAction\":[{\"@type\":\"ReadAction\",\"target\":[\"https:\/\/lamaquia.cat\/cas\/red-de-mujeres-tejiendo-el-futuro\/\"]}]},{\"@type\":\"BreadcrumbList\",\"@id\":\"https:\/\/lamaquia.cat\/cas\/red-de-mujeres-tejiendo-el-futuro\/#breadcrumb\",\"itemListElement\":[{\"@type\":\"ListItem\",\"position\":1,\"name\":\"LaMaquia\",\"item\":\"https:\/\/lamaquia.cat\/cas\/\"},{\"@type\":\"ListItem\",\"position\":2,\"name\":\"Red de Mujeres Tejiendo el Futuro\"}]},{\"@type\":\"WebSite\",\"@id\":\"https:\/\/lamaquia.cat\/cas\/#website\",\"url\":\"https:\/\/lamaquia.cat\/cas\/\",\"name\":\"La Maquia\",\"description\":\"P\u00e1gina web de la organizaci\u00f3n La M\u00e0quia Azadi jin\",\"publisher\":{\"@id\":\"https:\/\/lamaquia.cat\/cas\/#organization\"},\"potentialAction\":[{\"@type\":\"SearchAction\",\"target\":{\"@type\":\"EntryPoint\",\"urlTemplate\":\"https:\/\/lamaquia.cat\/cas\/?s={search_term_string}\"},\"query-input\":{\"@type\":\"PropertyValueSpecification\",\"valueRequired\":true,\"valueName\":\"search_term_string\"}}],\"inLanguage\":\"es\"},{\"@type\":\"Organization\",\"@id\":\"https:\/\/lamaquia.cat\/cas\/#organization\",\"name\":\"La Maquia\",\"url\":\"https:\/\/lamaquia.cat\/cas\/\",\"logo\":{\"@type\":\"ImageObject\",\"inLanguage\":\"es\",\"@id\":\"https:\/\/lamaquia.cat\/cas\/#\/schema\/logo\/image\/\",\"url\":\"https:\/\/lamaquia.cat\/cas\/wp-content\/uploads\/sites\/2\/2024\/10\/Logo-La-Maquia_Fucsia_Web.png\",\"contentUrl\":\"https:\/\/lamaquia.cat\/cas\/wp-content\/uploads\/sites\/2\/2024\/10\/Logo-La-Maquia_Fucsia_Web.png\",\"width\":512,\"height\":512,\"caption\":\"La Maquia\"},\"image\":{\"@id\":\"https:\/\/lamaquia.cat\/cas\/#\/schema\/logo\/image\/\"},\"sameAs\":[\"https:\/\/x.com\/azadijin_cat\",\"https:\/\/www.instagram.com\/la.maquia\/\"]},{\"@type\":\"Person\",\"@id\":\"https:\/\/lamaquia.cat\/cas\/#\/schema\/person\/bb2b1aa60c96fdc02b75568fdb05b75e\",\"name\":\"MaquiaAdmin\",\"image\":{\"@type\":\"ImageObject\",\"inLanguage\":\"es\",\"@id\":\"https:\/\/lamaquia.cat\/cas\/#\/schema\/person\/image\/\",\"url\":\"https:\/\/secure.gravatar.com\/avatar\/8037c549208bb2ce0eeda1264cdbaf2d?s=96&d=mm&r=g\",\"contentUrl\":\"https:\/\/secure.gravatar.com\/avatar\/8037c549208bb2ce0eeda1264cdbaf2d?s=96&d=mm&r=g\",\"caption\":\"MaquiaAdmin\"},\"sameAs\":[\"https:\/\/lamaquia.cat\"],\"url\":\"https:\/\/lamaquia.cat\/cas\/author\/maquiaadmin\/\"}]}<\/script>\n<!-- \/ Yoast SEO plugin. -->","yoast_head_json":{"title":"Red de Mujeres Tejiendo el Futuro - La Maquia","robots":{"index":"index","follow":"follow","max-snippet":"max-snippet:-1","max-image-preview":"max-image-preview:large","max-video-preview":"max-video-preview:-1"},"canonical":"https:\/\/lamaquia.cat\/cas\/red-de-mujeres-tejiendo-el-futuro\/","og_locale":"es_ES","og_type":"article","og_title":"Red de Mujeres Tejiendo el Futuro - La Maquia","og_description":"Queridas compa\u00f1eras, \u00a0 como sab\u00e9is, la situaci\u00f3n se est\u00e1 agravando r\u00e1pidamente en muchas regiones del mundo en estos momentos. Mientras las guerras genocidas contin\u00faan en lugares como Palestina y Sud\u00e1n, [&hellip;]","og_url":"https:\/\/lamaquia.cat\/cas\/red-de-mujeres-tejiendo-el-futuro\/","og_site_name":"La Maquia","article_published_time":"2026-01-19T16:50:55+00:00","article_modified_time":"2026-01-21T16:53:05+00:00","og_image":[{"width":512,"height":512,"url":"https:\/\/lamaquia.cat\/cas\/wp-content\/uploads\/sites\/2\/2024\/10\/Logo-La-Maquia_Fucsia_Web.png","type":"image\/png"}],"author":"MaquiaAdmin","twitter_card":"summary_large_image","twitter_creator":"@azadijin_cat","twitter_site":"@azadijin_cat","twitter_misc":{"Escrito por":"MaquiaAdmin","Tiempo de lectura":"4 minutos"},"schema":{"@context":"https:\/\/schema.org","@graph":[{"@type":"Article","@id":"https:\/\/lamaquia.cat\/cas\/red-de-mujeres-tejiendo-el-futuro\/#article","isPartOf":{"@id":"https:\/\/lamaquia.cat\/cas\/red-de-mujeres-tejiendo-el-futuro\/"},"author":{"name":"MaquiaAdmin","@id":"https:\/\/lamaquia.cat\/cas\/#\/schema\/person\/bb2b1aa60c96fdc02b75568fdb05b75e"},"headline":"Red de Mujeres Tejiendo el Futuro","datePublished":"2026-01-19T16:50:55+00:00","dateModified":"2026-01-21T16:53:05+00:00","mainEntityOfPage":{"@id":"https:\/\/lamaquia.cat\/cas\/red-de-mujeres-tejiendo-el-futuro\/"},"wordCount":972,"publisher":{"@id":"https:\/\/lamaquia.cat\/cas\/#organization"},"inLanguage":"es"},{"@type":"WebPage","@id":"https:\/\/lamaquia.cat\/cas\/red-de-mujeres-tejiendo-el-futuro\/","url":"https:\/\/lamaquia.cat\/cas\/red-de-mujeres-tejiendo-el-futuro\/","name":"Red de Mujeres Tejiendo el Futuro - La Maquia","isPartOf":{"@id":"https:\/\/lamaquia.cat\/cas\/#website"},"datePublished":"2026-01-19T16:50:55+00:00","dateModified":"2026-01-21T16:53:05+00:00","breadcrumb":{"@id":"https:\/\/lamaquia.cat\/cas\/red-de-mujeres-tejiendo-el-futuro\/#breadcrumb"},"inLanguage":"es","potentialAction":[{"@type":"ReadAction","target":["https:\/\/lamaquia.cat\/cas\/red-de-mujeres-tejiendo-el-futuro\/"]}]},{"@type":"BreadcrumbList","@id":"https:\/\/lamaquia.cat\/cas\/red-de-mujeres-tejiendo-el-futuro\/#breadcrumb","itemListElement":[{"@type":"ListItem","position":1,"name":"LaMaquia","item":"https:\/\/lamaquia.cat\/cas\/"},{"@type":"ListItem","position":2,"name":"Red de Mujeres Tejiendo el Futuro"}]},{"@type":"WebSite","@id":"https:\/\/lamaquia.cat\/cas\/#website","url":"https:\/\/lamaquia.cat\/cas\/","name":"La Maquia","description":"P\u00e1gina web de la organizaci\u00f3n La M\u00e0quia Azadi jin","publisher":{"@id":"https:\/\/lamaquia.cat\/cas\/#organization"},"potentialAction":[{"@type":"SearchAction","target":{"@type":"EntryPoint","urlTemplate":"https:\/\/lamaquia.cat\/cas\/?s={search_term_string}"},"query-input":{"@type":"PropertyValueSpecification","valueRequired":true,"valueName":"search_term_string"}}],"inLanguage":"es"},{"@type":"Organization","@id":"https:\/\/lamaquia.cat\/cas\/#organization","name":"La Maquia","url":"https:\/\/lamaquia.cat\/cas\/","logo":{"@type":"ImageObject","inLanguage":"es","@id":"https:\/\/lamaquia.cat\/cas\/#\/schema\/logo\/image\/","url":"https:\/\/lamaquia.cat\/cas\/wp-content\/uploads\/sites\/2\/2024\/10\/Logo-La-Maquia_Fucsia_Web.png","contentUrl":"https:\/\/lamaquia.cat\/cas\/wp-content\/uploads\/sites\/2\/2024\/10\/Logo-La-Maquia_Fucsia_Web.png","width":512,"height":512,"caption":"La Maquia"},"image":{"@id":"https:\/\/lamaquia.cat\/cas\/#\/schema\/logo\/image\/"},"sameAs":["https:\/\/x.com\/azadijin_cat","https:\/\/www.instagram.com\/la.maquia\/"]},{"@type":"Person","@id":"https:\/\/lamaquia.cat\/cas\/#\/schema\/person\/bb2b1aa60c96fdc02b75568fdb05b75e","name":"MaquiaAdmin","image":{"@type":"ImageObject","inLanguage":"es","@id":"https:\/\/lamaquia.cat\/cas\/#\/schema\/person\/image\/","url":"https:\/\/secure.gravatar.com\/avatar\/8037c549208bb2ce0eeda1264cdbaf2d?s=96&d=mm&r=g","contentUrl":"https:\/\/secure.gravatar.com\/avatar\/8037c549208bb2ce0eeda1264cdbaf2d?s=96&d=mm&r=g","caption":"MaquiaAdmin"},"sameAs":["https:\/\/lamaquia.cat"],"url":"https:\/\/lamaquia.cat\/cas\/author\/maquiaadmin\/"}]}},"_links":{"self":[{"href":"https:\/\/lamaquia.cat\/cas\/wp-json\/wp\/v2\/posts\/901","targetHints":{"allow":["GET"]}}],"collection":[{"href":"https:\/\/lamaquia.cat\/cas\/wp-json\/wp\/v2\/posts"}],"about":[{"href":"https:\/\/lamaquia.cat\/cas\/wp-json\/wp\/v2\/types\/post"}],"author":[{"embeddable":true,"href":"https:\/\/lamaquia.cat\/cas\/wp-json\/wp\/v2\/users\/1"}],"replies":[{"embeddable":true,"href":"https:\/\/lamaquia.cat\/cas\/wp-json\/wp\/v2\/comments?post=901"}],"version-history":[{"count":5,"href":"https:\/\/lamaquia.cat\/cas\/wp-json\/wp\/v2\/posts\/901\/revisions"}],"predecessor-version":[{"id":906,"href":"https:\/\/lamaquia.cat\/cas\/wp-json\/wp\/v2\/posts\/901\/revisions\/906"}],"wp:attachment":[{"href":"https:\/\/lamaquia.cat\/cas\/wp-json\/wp\/v2\/media?parent=901"}],"wp:term":[{"taxonomy":"category","embeddable":true,"href":"https:\/\/lamaquia.cat\/cas\/wp-json\/wp\/v2\/categories?post=901"},{"taxonomy":"post_tag","embeddable":true,"href":"https:\/\/lamaquia.cat\/cas\/wp-json\/wp\/v2\/tags?post=901"}],"curies":[{"name":"wp","href":"https:\/\/api.w.org\/{rel}","templated":true}]}}