{"id":889,"date":"2026-01-01T17:44:11","date_gmt":"2026-01-01T16:44:11","guid":{"rendered":"https:\/\/lamaquia.cat\/cas\/?p=889"},"modified":"2026-01-21T17:49:13","modified_gmt":"2026-01-21T16:49:13","slug":"elementor-889","status":"publish","type":"post","link":"https:\/\/lamaquia.cat\/cas\/elementor-889\/","title":{"rendered":"Transfeminismo y anarquismo: la ola de la que no nos hablaron"},"content":{"rendered":"\t\t<div data-elementor-type=\"wp-post\" data-elementor-id=\"889\" class=\"elementor elementor-889\">\n\t\t\t\t<div class=\"elementor-element elementor-element-c95fc55 e-flex e-con-boxed e-con e-parent\" data-id=\"c95fc55\" data-element_type=\"container\">\n\t\t\t\t\t<div class=\"e-con-inner\">\n\t\t\t\t<div class=\"elementor-element elementor-element-4347b17 elementor-widget elementor-widget-text-editor\" data-id=\"4347b17\" data-element_type=\"widget\" data-widget_type=\"text-editor.default\">\n\t\t\t\t<div class=\"elementor-widget-container\">\n\t\t\t\t\t\t\t\t\t<p><img fetchpriority=\"high\" decoding=\"async\" class=\"aligncenter\" src=\"https:\/\/redeslibertarias.com\/wp-content\/uploads\/2025\/12\/rl4-1.png?w=640\" width=\"266\" height=\"377\" \/><\/p><p>\u00a0<\/p><p>\u00a0<\/p><p>\u00a0<\/p><div class=\"entry-content\"><p><em>\u00abLos asuntos humanos, como la vida misma, son como los ciclos de la naturaleza. Es como la marea baja y alta del mar yendo desde el oc\u00e9ano hasta la orilla. Esas olas vienen, juegan su papel y se van, pero todas dejan su huella, hasta el oc\u00e9ano mismo se desgasta con el tiempo. Y entonces no hace falta que la gente se desanime porque estas oleadas de fortaleza humana que hay en el movimiento radical van y vienen. Todas dejan su huella\u00bb (Discurso pronunciado por Lucy Parsons en Chicago durante el 1\u00ba de Mayo del a\u00f1o 1930).<\/em><\/p><p>Para muches de nosotres<sup class=\"fn\" data-fn=\"071d25c3-0746-455e-acf4-4439925f0d79\"><a id=\"071d25c3-0746-455e-acf4-4439925f0d79-link\" href=\"https:\/\/redeslibertarias.com\/2026\/01\/01\/transfeminismo-y-anarquismo-la-ola-de-la-que-no-nos-hablaron\/#071d25c3-0746-455e-acf4-4439925f0d79\">1<\/a><\/sup>\u00a0el anarquismo y el feminismo se encontraron en el transfeminismo. No sabemos decir con exactitud cu\u00e1ndo ni por qu\u00e9, pero tenemos la certeza de nuestra experiencia vital. La ola del transfeminismo no aparece en la genealog\u00eda feminista, pero su impulso bebe de la fuerza de nombres como Lucy Parsons, Rosa Cort\u00e9s, Emma Goldman o Voltairine de Cleyre, y organizaciones como Las Rote Zora o Mujeres Libres.<\/p><p>A inicios del siglo XXI, algunas mujeres e identidades sexog\u00e9nero disidentes tuvimos dificultades para tejer espacios organizativos que respondieran a las necesidades pol\u00edticas del momento. Por un lado, los feminismos \u2014aunque con cierto distanciamiento del feminismo liberal burgu\u00e9s\u2014, segu\u00edan generalmente centrados en las opresiones espec\u00edficas de las mujeres blancas, occidentales y cisheteronormativas. Las principales consignas eran el derecho al aborto, la libertad sexual y la denuncia de las violencias machistas (Cuadrado, 2022). Sin obviar que estas eran y siguen siendo cuestiones extremamente relevantes, nos resultaban insuficientes; \u00bfd\u00f3nde quedaban las reivindicaciones de las pobres, las okupas, las putas o las negras? Por otro lado, conviv\u00edamos con un anarquismo con dificultades para ser creativo, asumir el reto de complejizar el sujeto de lucha y actualizarse ante el nuevo siglo.<\/p><p>Fue entonces cuando se celebraron las Jornadas de Granada (2009), que contribuyeron a la consolidaci\u00f3n del transfeminismo. La decisi\u00f3n de organizarlo en Granada fue en honor a las II Jornadas Estatales de la Mujer, que hab\u00edan tenido lugar 30 a\u00f1os atr\u00e1s en la misma ciudad y que contaron con la presencia de Simone de Beauvoir.<sup class=\"fn\" data-fn=\"acc42bc2-5636-496e-ba06-dcc2856af018\"><a id=\"acc42bc2-5636-496e-ba06-dcc2856af018-link\" href=\"https:\/\/redeslibertarias.com\/2026\/01\/01\/transfeminismo-y-anarquismo-la-ola-de-la-que-no-nos-hablaron\/#acc42bc2-5636-496e-ba06-dcc2856af018\">2<\/a><\/sup>\u00a0Participaron 4.000 mujeres e identidades sexog\u00e9nero disidentes y hubo m\u00e1s de 130 ponencias. Las Jornadas alentaron a la organizaci\u00f3n a partir del Manifiesto para la Insurrecci\u00f3n Transfeminista, con cierto paralelismo al alzamiento del Ej\u00e9rcito Zapatista de Liberaci\u00f3n Nacional (Chiapas) y a las combatientes de la revoluci\u00f3n cubana. El Manifiesto clama:<\/p><p>\u00abLlamamos a la insurrecci\u00f3n, a la ocupaci\u00f3n de las calles, a los blogs, a la desobediencia, a no pedir permiso, a generar alianzas y estructuras propias; no nos defendamos, \u00a1hagamos que nos teman! Somos una realidad, operamos en diferentes ciudades y contextos, estamos conectadxs, tenemos objetivos comunes y ya no nos call\u00e1is. El feminismo ser\u00e1 transfronterizo, transformador, transg\u00e9nero o no ser\u00e1, el feminismo ser\u00e1 TransFeminista o no ser\u00e1\u2026\u00bb. (Red PutaBolloNegraTransFeminista, 2009)<\/p><p>Pese a la movilizaci\u00f3n, diversidad y consenso, las Jornadas no generaron una propuesta estrat\u00e9gica organizativa amplia y continuada en el tiempo. Sin embargo, muchas hicimos florecer propuestas organizativas y pol\u00edticas que dieran continuidad a esas Jornadas.<\/p><p>A continuaci\u00f3n, desgranamos qu\u00e9 entendemos por transfeminismo y por qu\u00e9 apostamos por \u00e9l como forma de relacionarnos y crecer pol\u00edticamente como anarquistas, haciendo de lo personal algo pol\u00edtico. Terminamos presentando la propuesta pol\u00edtica de La Maquia, nutrida de la relaci\u00f3n entre anarquismo y transfeminismo. Nuestra finalidad es contribuir a debates actuales desde nuestra pr\u00e1ctica pol\u00edtica.<sup class=\"fn\" data-fn=\"b482a478-ab6d-46c9-a508-bfd8f3f3fdcd\"><a id=\"b482a478-ab6d-46c9-a508-bfd8f3f3fdcd-link\" href=\"https:\/\/redeslibertarias.com\/2026\/01\/01\/transfeminismo-y-anarquismo-la-ola-de-la-que-no-nos-hablaron\/#b482a478-ab6d-46c9-a508-bfd8f3f3fdcd\">3<\/a><\/sup><\/p><h4 class=\"wp-block-heading\"><span style=\"color: #e61873;\">El transfeminismo como eje pol\u00edtico<\/span><\/h4><p>El debate hist\u00f3rico en torno al\u00a0<em>sujeto pol\u00edtico\u00a0<\/em>del feminismo ha hecho aguas en el movimiento: las mujeres, la mujer trabajadora, la clase obrera\u2026 El transfeminismo ampl\u00eda la idea de sujetos de lucha desde la transversalidad, poniendo el foco en sujetos que el feminismo hegem\u00f3nico tradicionalmente hab\u00eda olvidado: lesbianas, negras, latinas, gitanas\u2026 Nace a ra\u00edz de las cr\u00edticas de estas subjetividades hacia el feminismo hegem\u00f3nico, generalmente centrado en mujeres heterosexuales, blancas y de clase media, con la voluntad de generar un frente com\u00fan \u2014pero transversal\u2014 de autodefensa y resistencia. En este sentido, implica el reconocimiento de distintos ejes de opresi\u00f3n: la orientaci\u00f3n sexual, los estados de tr\u00e1nsito de g\u00e9nero, la procedencia geopol\u00edtica, la racializaci\u00f3n, la clase socioecon\u00f3mica, el capacitismo, etc.<\/p><div class=\"wp-block-image\"><figure class=\"alignleft size-large is-resized\"><img decoding=\"async\" class=\"wp-image-10851\" src=\"https:\/\/redeslibertarias.com\/wp-content\/uploads\/2025\/12\/imagen-20.png?w=458\" sizes=\"(max-width: 458px) 100vw, 458px\" srcset=\"https:\/\/redeslibertarias.com\/wp-content\/uploads\/2025\/12\/imagen-20.png 458w, https:\/\/redeslibertarias.com\/wp-content\/uploads\/2025\/12\/imagen-20.png?w=150 150w, https:\/\/redeslibertarias.com\/wp-content\/uploads\/2025\/12\/imagen-20.png?w=300 300w\" alt=\"\" width=\"458\" height=\"306\" data-attachment-id=\"10851\" data-permalink=\"https:\/\/redeslibertarias.com\/2026\/01\/01\/transfeminismo-y-anarquismo-la-ola-de-la-que-no-nos-hablaron\/imagen-41\/\" data-orig-file=\"https:\/\/redeslibertarias.com\/wp-content\/uploads\/2025\/12\/imagen-20.png\" data-orig-size=\"458,306\" data-comments-opened=\"1\" data-image-meta=\"{&quot;aperture&quot;:&quot;0&quot;,&quot;credit&quot;:&quot;&quot;,&quot;camera&quot;:&quot;&quot;,&quot;caption&quot;:&quot;&quot;,&quot;created_timestamp&quot;:&quot;0&quot;,&quot;copyright&quot;:&quot;&quot;,&quot;focal_length&quot;:&quot;0&quot;,&quot;iso&quot;:&quot;0&quot;,&quot;shutter_speed&quot;:&quot;0&quot;,&quot;title&quot;:&quot;&quot;,&quot;orientation&quot;:&quot;0&quot;}\" data-image-title=\"imagen\" data-image-description=\"\" data-image-caption=\"\" data-medium-file=\"https:\/\/redeslibertarias.com\/wp-content\/uploads\/2025\/12\/imagen-20.png?w=300\" data-large-file=\"https:\/\/redeslibertarias.com\/wp-content\/uploads\/2025\/12\/imagen-20.png?w=458\" \/><p>\u00a0<\/p><figcaption class=\"wp-element-caption\"><em>Caja de cerillas en encuentro transfeminista<br \/>\u00abMujeres m\u00e1s all\u00e1 de las armas\u00bb. Imagen: La M\u00e0quia<\/em><\/figcaption><\/figure><\/div><p>El transfeminismo ha sacudido cuestiones clave como la memoria hist\u00f3rica, los dogmas ideol\u00f3gicos o la complejidad del sistema capitalista. La memoria es lucha, y ampliar el\u00a0<em>sujeto de lucha\u00a0<\/em>nos ha permitido encontrar respuestas y honrar las historias silenciadas de muchas compa\u00f1eras. Nos ha permitido crear genealog\u00edas transfeministas de resistencia, que beben de la resistencia de Rosa Cort\u00e9s y la fuga de 53 gitanas de la Casa de la Misericordia en Zaragoza (Mart\u00ednez Mart\u00ednez, 2019), de Mujeres Libres (Ackelsberg, 1987), de las trans y putas en Stonewall en 1969 tirando piedras a la polic\u00eda o de la marcha de las Carolinas en el puerto de Barcelona en 1931 (Mart\u00ednez, 2017). La genealog\u00eda transfeminista, lejos de quedar en an\u00e9cdota, resulta una herramienta hacia la construcci\u00f3n de identidades de lucha en el presente y en el futuro.<\/p><p>Asimismo, la visi\u00f3n amplia y transversal del transfeminismo nos ha permitido alejarnos de la \u00abnecesidad dogm\u00e1tica\u00bb de representar las luchas en una \u00fanica corriente ideol\u00f3gica. Cada comunidad tiene su propia genealog\u00eda y, por ende, acoge distintas luchas, identidades individuales y colectivas, y feminismos. Tal y como nos compart\u00eda Paqui Perona, activista y feminista gitana, las genealog\u00edas de las comunidades pueden ser radicalmente distintas aun compartiendo el mismo momento y lugar hist\u00f3rico: \u00aben mi cultura, aunque vivamos en un sistema individualista y neoliberal, encontramos herramientas y maneras de poder continuar manteniendo nuestra vida comunitaria\u00bb. En este sentido, el transfeminismo no se entiende como una etiqueta o identidad herm\u00e9tica, sino como un punto de encuentro hacia la construcci\u00f3n de un frente com\u00fan de lucha: una trinchera que no es abstracta y que constituye una fortaleza t\u00e1cita y desafiante, forjada por semejanzas y alianzas, con valores y posicionamientos pol\u00edticos compartidos hacia futuros que contrarresten el odio.<\/p><p>\u00a0<\/p><blockquote><p class=\"has-text-align-center has-cyan-bluish-gray-color has-black-background-color has-text-color has-background has-link-color has-medium-font-size wp-elements-45f3df3249e87b27e9b2ffd3f0217e8f\" style=\"text-align: center;\"><strong><br \/>\u00a1Esto puede ser tambi\u00e9n feminismo, no hace falta cambiar el nombre!<br \/><br \/><\/strong><\/p><p><strong>\u00a0<\/strong><\/p><\/blockquote><p>Consecuentemente, el transfeminismo ha sido capaz de recoger la complejidad del sistema capitalista y su alianza criminal con los dem\u00e1s sistemas de dominaci\u00f3n \u2014colonialismo y patriarcado, entre otros\u2014. No jerarquizar entre sistemas de opresi\u00f3n ha permitido el reconocimiento mutuo y una pol\u00edtica basada en alianzas y acciones, creando as\u00ed comunidades de resistencia diversas y con un hacer cotidiano y pr\u00e1ctico para hacer frente a las violencias desde el apoyo mutuo.<\/p><p>Gran parte de los esfuerzos del transfeminismo se han dedicado a la cuesti\u00f3n del g\u00e9nero, entendido como una construcci\u00f3n social \u2014\u00abmujer se hace, no se nace\u00bb (de Beauvoir, 1949)\u2014 y como herramienta indispensable del patriarcado para perpetuar su poder, imponer el binarismo y limitar los cuerpos al servicio del orden social. Sin embargo, la ampliaci\u00f3n y complejizaci\u00f3n de los\u00a0<em>sujetos de lucha\u00a0<\/em>ha permitido nuevos horizontes de alianzas y luchas.<\/p><p><em>\u00a1Esto puede ser tambi\u00e9n feminismo, no hace falta cambiar el nombre!<\/em><\/p><p>Para nosotres, el transfeminismo es una trinchera estrat\u00e9gica ante el\u00a0<em>discurso feminista mainstream\u00a0<\/em>actual (Castej\u00f3n, 2018). Estamos presenciando el auge de un\u00a0<em>feminismo mainstream\u00a0<\/em>que criminaliza a quienes habitan en los m\u00e1rgenes y sostiene las violencias estructurales. Un feminismo que sit\u00faa a las personas migrantes y pobres como focos de violencia machista, a las trabajadoras sexuales como proxenetas o v\u00edctimas, y a las personas trans y no binarias como identidades mis\u00f3ginas y liberales. Asimismo, que obvia el enriquecimiento del norte global lo que significa guerra y miseria para las mujeres y disidencias del sur, actuando como c\u00f3mplice del capitalismo y colonialismo (Drullard Marquez, 2020; Puar, 2007).<\/p><div class=\"wp-block-image\"><figure class=\"alignright size-large is-resized\"><img decoding=\"async\" class=\"wp-image-10859\" src=\"https:\/\/redeslibertarias.com\/wp-content\/uploads\/2025\/12\/imagen-22.png?w=458\" sizes=\"(max-width: 458px) 100vw, 458px\" srcset=\"https:\/\/redeslibertarias.com\/wp-content\/uploads\/2025\/12\/imagen-22.png 458w, https:\/\/redeslibertarias.com\/wp-content\/uploads\/2025\/12\/imagen-22.png?w=150 150w, https:\/\/redeslibertarias.com\/wp-content\/uploads\/2025\/12\/imagen-22.png?w=300 300w\" alt=\"\" width=\"458\" height=\"306\" data-attachment-id=\"10859\" data-permalink=\"https:\/\/redeslibertarias.com\/2026\/01\/01\/transfeminismo-y-anarquismo-la-ola-de-la-que-no-nos-hablaron\/imagen-43\/\" data-orig-file=\"https:\/\/redeslibertarias.com\/wp-content\/uploads\/2025\/12\/imagen-22.png\" data-orig-size=\"458,306\" data-comments-opened=\"1\" data-image-meta=\"{&quot;aperture&quot;:&quot;0&quot;,&quot;credit&quot;:&quot;&quot;,&quot;camera&quot;:&quot;&quot;,&quot;caption&quot;:&quot;&quot;,&quot;created_timestamp&quot;:&quot;0&quot;,&quot;copyright&quot;:&quot;&quot;,&quot;focal_length&quot;:&quot;0&quot;,&quot;iso&quot;:&quot;0&quot;,&quot;shutter_speed&quot;:&quot;0&quot;,&quot;title&quot;:&quot;&quot;,&quot;orientation&quot;:&quot;0&quot;}\" data-image-title=\"imagen\" data-image-description=\"\" data-image-caption=\"\" data-medium-file=\"https:\/\/redeslibertarias.com\/wp-content\/uploads\/2025\/12\/imagen-22.png?w=300\" data-large-file=\"https:\/\/redeslibertarias.com\/wp-content\/uploads\/2025\/12\/imagen-22.png?w=458\" \/><p>\u00a0<\/p><figcaption class=\"wp-element-caption\"><em>Corte de tr\u00e1\ufb01co 8M 2024. Imagen: La M\u00e0quia<\/em><\/figcaption><\/figure><\/div><p>Este feminismo est\u00e1 impulsado por Estados, gobiernos e instituciones. Ejemplos concretos son las pol\u00edticas y discursos del sionismo, del Partido Socialista Obrero Espa\u00f1ol (PSOE), de instituciones como la Direcci\u00f3n General de Atenci\u00f3n a la Infancia y a la Adolescencia (DGAIA) o de la represi\u00f3n policial. El sionismo y sus c\u00f3mplices han utilizado la instrumentalizaci\u00f3n de los derechos pro\u2010LGTBIQ+ para justificar la ocupaci\u00f3n y el genocidio de Palestina (<em>pinkwashing<\/em>; Puar, 2010). El PSOE, autoproclamado como el \u00abgobierno m\u00e1s feminista de la historia\u00bb, ha eliminado la sigla Q+ de su documento ideol\u00f3gico LGTBI por su significado \u00abmis\u00f3gino, liberal y antifeminista\u00bb (Mar Escobedo, 2024), ha propuesto excluir a las mujeres trans de las categor\u00edas femeninas en el deporte, y ha registrado la\u00a0<em>tercer\u00eda locativa\u00a0<\/em>\u2014una propuesta de ley que persigue a las trabajadoras sexuales\u2014. La DGAIA premia sistem\u00e1ticamente a las\u00a0<em>mujeres aut\u00f3nomas<\/em>, pero ha reportado m\u00faltiples casos de racismo y clasismo mediante la retirada de custodias (Brizuela Gonz\u00e1lez, 2025), mientras la polic\u00eda reprime a las trabajadoras sexuales autoorganizadas en sindicatos y plataformas en nombre de la protecci\u00f3n de \u00ablas mujeres\u00bb.<\/p><p>El transfeminismo pone el foco en la denuncia de esta capitalizaci\u00f3n del feminismo por parte de las instituciones y Estados. El componente radical que lo atraviesa \u2014se\u00f1alar todos los sistemas de dominaci\u00f3n que atraviesan nuestras vidas\u2014 nos permite distanciarnos del\u00a0<em>feminismo mainstream\u00a0<\/em>y cultivar la radicalidad y la transformaci\u00f3n social.<\/p><p class=\"has-text-align-center has-cyan-bluish-gray-color has-black-background-color has-text-color has-background has-link-color has-medium-font-size wp-elements-5a407a525eca96793ff5fac56eb7970a\" style=\"text-align: center;\"><strong><br \/>La confluencia entre transfeminismo y anarquismo aporta una vuelta de tuerca: entender la lucha contra el patriarcado tambi\u00e9n como la abolici\u00f3n del g\u00e9nero y\u2026 el reconocimiento de las identidades individuales y colectivas que cuestionan el binarismo como herramientas radicales de lucha revolucionaria<\/strong><\/p><p><strong>\u00a0<\/strong><\/p><h4 class=\"wp-block-heading\"><span style=\"color: #e61873;\">\u00a0<\/span><\/h4><h4 class=\"wp-block-heading\"><span style=\"color: #e61873;\">La alianza silenciosa entre transfeminismo y anarquismo<\/span><\/h4><p>Como el transfeminismo, el anarquismo tambi\u00e9n se ha centrado en abolir el patriarcado como forma de jerarqu\u00eda. Los anarcofeminismos han puesto \u00e9nfasis en el impacto del Estado en los cuerpos de las mujeres, por ejemplo, a trav\u00e9s del control de la natalidad. Para nosotres, la confluencia entre transfeminismo y anarquismo aporta una vuelta de tuerca: entender la lucha contra el patriarcado tambi\u00e9n como la abolici\u00f3n del g\u00e9nero y, por ende, el reconocimiento de las identidades individuales y colectivas que cuestionan el binarismo como herramientas radicales de lucha revolucionaria. Si bien el orgullo de ser lesbiana, trans, negra o gitana no es un fin pol\u00edtico, puede devenir una poderosa herramienta de lucha.<\/p><p>Existen cr\u00edticas del anarquismo hacia el transfeminismo que se\u00f1alan los riesgos de\u00a0<em>identitarismo<\/em>: caer en la reivindicaci\u00f3n de la identidad como fin mismo y no como herramienta de radicalizaci\u00f3n, concienciaci\u00f3n y transformaci\u00f3n social. Las cr\u00edticas del anarquismo al feminismo no son algo nuevo y referentes como Mujeres Libres, Emma Goldman o Lucy Parsons nunca se definieron como feministas, tal y como ilustra Ackelsberg:<\/p><p>\u00abNo tard\u00e9 en sospechar que, si bien el marco pol\u00edtico espa\u00f1ol de los a\u00f1os treinta difiere enormemente del de los Estados Unidos de los ochenta, podr\u00eda haber algunas semblanzas entre el rechazo de Mujeres Libres a identificarse como feministas y la vacilaci\u00f3n de muchas mujeres obreras y de color de este pa\u00eds [EEUU] en adoptar la etiqueta feminista\u00bb. (Ackelsberg, 1987)<\/p><p>Mujeres Libres y obreras negras no solo no se definieron como feministas, sino que tampoco han formado parte de la genealog\u00eda del feminismo ni, durante muchos a\u00f1os, del anarquismo. Sin embargo, nosotres estamos convencidas que, de haberlo hecho, ambos movimientos, el anarquista y el feminista, hubiesen tenido referentes donde reconocerse e inspirarse para enfrentar las luchas actuales e intentar no cometer los mismos errores.<\/p><p>Tras el estudio de la historia y acci\u00f3n pol\u00edtica de Mujeres Libres, identificamos paralelismos entre su capacidad de hacer la revoluci\u00f3n all\u00ed donde nadie la hac\u00eda \u2014en los m\u00e1rgenes\u2014 y el transfeminismo. Pese a que algunas compa\u00f1eras siguen enquistadas en posturas binarias, esencialistas y abolicionistas referenciando a Mujeres Libres o Emma Goldman, nosotres enfatizamos que para ellas solo la abolici\u00f3n de la explotaci\u00f3n econ\u00f3mica era sin\u00f3nimo de la abolici\u00f3n de la prostituci\u00f3n y consideraban que la prohibici\u00f3n no era la soluci\u00f3n, y que toda propuesta pol\u00edtica estaba sujeta a su tiempo y contexto.<\/p><p>Tal como recoge Vanessa G\u00f3mez Bernal, la experiencia de Mujeres Libres representa una contribuci\u00f3n al feminismo contempor\u00e1neo que lucha por desarrollar una concepci\u00f3n de la subordinaci\u00f3n y la capacitaci\u00f3n de las mujeres que atienda a las diferencias de etnicidad, clase, sexualidad, capacidades, etc. Las palabras de Mujeres Libres nos recuerdan algo vital en la actualidad: \u00abpara descubrir nuevos horizontes es preciso descubrir atalayas nuevas. Nos repugna la pol\u00edtica porque no entiende de problemas humanos, sino de intereses de secta y de clase\u00bb (Revista Mujeres Libres. Volumen: 1,1936). Para nosotres, profundizar en la relaci\u00f3n entre anarquismo y transfeminismo representa subir nuevas atalayas, y junto con el antirracismo, \u00abdescentrar la mirada para ampliar la visi\u00f3n\u00bb (Birzuela, Florancia. L\u00f3pez, Uriel. 2018).<\/p><h4 class=\"wp-block-heading\"><span style=\"color: #e61873;\">La propuesta de La M\u00e0quia<\/span><\/h4><p>Nuestra propuesta pol\u00edtica bebe de la relaci\u00f3n silenciosa entre anarquismo y transfeminismo, la cual nos ha permitido trascender y ampliar, a nuestro parecer, ambos marcos. En primer lugar, desde el anarquismo identi\ufb01camos m\u00faltiples formas de dominaci\u00f3n que aparecen y se reformulan a lo largo de la historia para optimizar la acumulaci\u00f3n de unos pocos y la explotaci\u00f3n y desposesi\u00f3n de muches. El patriarcado, el racismo y la colonizaci\u00f3n, el capitalismo y la propiedad privada son sistemas interrelacionados que construyen relaciones econ\u00f3micas, sociales y culturales. Se adaptan al contexto geogr\u00e1fico e hist\u00f3rico, pero nunca dejan de perpetuar violencia, despojo y muerte. El Estado, \u00abpadre del pueblo\u00bb (no solo en su concepci\u00f3n moderna, sino en cualquiera de sus manifestaciones hist\u00f3ricas), es la estructura desde donde se ejerce el dominio pol\u00edtico\u2010militar, autoritario y centralizado. Desde el Estado se garantiza y legitima la perpetuaci\u00f3n de las formas de dominaci\u00f3n mediante el aniquilamiento, la represi\u00f3n o la asimilaci\u00f3n de las disidencias, tanto individuales como colectivas y organizadas. En segundo lugar, desde el transfeminismo hemos establecido estrategias como la no\u2010mixticidad de g\u00e9nero o la pol\u00edtica de alianzas, con las que hemos podido responder con formas organizativas revolucionarias que buscan el fin de la dominaci\u00f3n mediante la lucha, la autodefensa y las alianzas entre distintas identidades individuales y colectivas. En el presente 2025, interpretamos las alianzas que se nombraron en las Jornadas de Granada no solo como la coordinaci\u00f3n o el apoyo simb\u00f3lico, sino como la construcci\u00f3n de relaciones pol\u00edticas y organizativas en el plano estrat\u00e9gico hacia un frente com\u00fan transfeminista.<\/p><div class=\"wp-block-image\"><figure class=\"alignleft size-large is-resized\"><img loading=\"lazy\" decoding=\"async\" class=\"wp-image-10885\" src=\"https:\/\/redeslibertarias.com\/wp-content\/uploads\/2025\/12\/imagen-23.png?w=458\" sizes=\"(max-width: 458px) 100vw, 458px\" srcset=\"https:\/\/redeslibertarias.com\/wp-content\/uploads\/2025\/12\/imagen-23.png 458w, https:\/\/redeslibertarias.com\/wp-content\/uploads\/2025\/12\/imagen-23.png?w=106 106w, https:\/\/redeslibertarias.com\/wp-content\/uploads\/2025\/12\/imagen-23.png?w=212 212w\" alt=\"\" width=\"458\" height=\"648\" data-attachment-id=\"10885\" data-permalink=\"https:\/\/redeslibertarias.com\/2026\/01\/01\/transfeminismo-y-anarquismo-la-ola-de-la-que-no-nos-hablaron\/imagen-44\/\" data-orig-file=\"https:\/\/redeslibertarias.com\/wp-content\/uploads\/2025\/12\/imagen-23.png\" data-orig-size=\"458,648\" data-comments-opened=\"1\" data-image-meta=\"{&quot;aperture&quot;:&quot;0&quot;,&quot;credit&quot;:&quot;&quot;,&quot;camera&quot;:&quot;&quot;,&quot;caption&quot;:&quot;&quot;,&quot;created_timestamp&quot;:&quot;0&quot;,&quot;copyright&quot;:&quot;&quot;,&quot;focal_length&quot;:&quot;0&quot;,&quot;iso&quot;:&quot;0&quot;,&quot;shutter_speed&quot;:&quot;0&quot;,&quot;title&quot;:&quot;&quot;,&quot;orientation&quot;:&quot;0&quot;}\" data-image-title=\"imagen\" data-image-description=\"\" data-image-caption=\"\" data-medium-file=\"https:\/\/redeslibertarias.com\/wp-content\/uploads\/2025\/12\/imagen-23.png?w=212\" data-large-file=\"https:\/\/redeslibertarias.com\/wp-content\/uploads\/2025\/12\/imagen-23.png?w=458\" \/><p>\u00a0<\/p><figcaption class=\"wp-element-caption\"><em>Ilustraci\u00f3n de Sinsituarte para la revista<br \/>Dones M\u00e9s Enll\u00e0 de Les Armes\u00a0Vol.I (2)<\/em><\/figcaption><\/figure><\/div><p>A nuestro entender, el di\u00e1logo entra anarquismo y transfeminismo supera \u2014o al menos trata de superar\u2014 la dificultad hist\u00f3rica del anarquismo en recoger la experiencia de Mujeres Libres \u2014con su cr\u00edtica a una excesiva centralidad en el sujeto de la clase trabajadora hegem\u00f3nica\u2014 y los aprendizajes de las teor\u00edas decoloniales y del movimiento antirracista. Asimismo, plantea la posibilidad de superar la centralidad de un \u00fanico sujeto pol\u00edtico \u2014a su vez, excluyendo a otros y perpetuando as\u00ed las jerarqu\u00edas\u2014. Sabemos que una exclusiva lectura de clase o de g\u00e9nero deja otras identidades en los m\u00e1rgenes, imposibilitando la construcci\u00f3n de relaciones de lucha y apoyo mutuo. As\u00ed pues, trasciende el plantear marcos \u00fanicos que llevan a estrategias \u00fanicas que pueden perpetuar otras formas de opresi\u00f3n.<\/p><p>Nuestra propuesta se estructura en m\u00faltiples ejes (La Maquia, 2024). Uno de ellos consiste en reenfocar la mirada con la que relatamos las historias y los an\u00e1lisis que nos precedieron y que coexisten en la actualidad. Es la de recuperar la\u00a0<em>memoria transfeminista\u00a0<\/em>para reconocernos e imaginar futuros y horizontes de lucha colectivos. Esto nos lleva a reconocer la diversidad, amplitud y complejidad de los\u00a0<em>sujetos de lucha<\/em>, las m\u00faltiples ideas y las luchas que resisten al ataque de los sistemas de dominaci\u00f3n. Es en el andar donde podemos reconocer a nuestras aliadas en los valores \u00e9ticos compartidos.<\/p><p>Reconocernos y\u00a0<em>tejer alianzas\u00a0<\/em>nos permite construir frentes de lucha contra todos los sistemas de dominaci\u00f3n y la interrelaci\u00f3n entre ellos. Nuestros valores y pr\u00e1ctica anarquista implican radicalidad y construcci\u00f3n comunitaria. A su vez, nuestra pr\u00e1ctica transfeminista nos obliga a ver las diferencias entre nosotres en la construcci\u00f3n de dichos frentes. Sin una mirada que reconoce como la explotaci\u00f3n y el expolio arrasan de forma diferente distintas vidas \u2014dependiendo, por ejemplo, de si tienen papeles o sobrecargas familiares\u2014 nunca seremos capaces de librar una batalla \u00e9tica a la opresi\u00f3n.<\/p><p>Estas pr\u00e1cticas implican poner el\u00a0<em>cuerpo en la lucha<\/em>. Nuestras identidades no son el fin en s\u00ed mismo, son herramientas de radicalizaci\u00f3n, concienciaci\u00f3n y organizaci\u00f3n. Nuestra lucha va m\u00e1s all\u00e1 de gestos simb\u00f3licos, instituciones o gobiernos. Nuestro anarquismo y nuestras luchas son radicalmente transformadoras; reconocen las contribuciones pr\u00e1cticas y te\u00f3ricas de m\u00faltiples movimientos para incorporarlas en su huella.<\/p><h4 class=\"wp-block-heading\"><span style=\"color: #e61873;\">Referencias<\/span><\/h4><ul class=\"wp-block-list\"><li><span style=\"color: #000000;\">Ackelsberg, M.,\u00a0<em>Mujeres Libres. Organising Women During the Spanish Revolution<\/em>. DAM Direct Action Movement, 1987. Hay traducci\u00f3n en castellano editada por Virus en 2017 con el t\u00edtulo Mujeres Libres. El anarquismo y la lucha por la emancipaci\u00f3n de las mujeres.<\/span><\/li><li><span style=\"color: #000000;\">Avrich, P. &amp; Hems, R. P.,\u00a0<em>An American Anarchist. The Life of Voltairine de Cleyre<\/em>. Princeton University Press, 1978<\/span><\/li><li><span style=\"color: #000000;\">Birzuela, Florencia. L\u00f3pez, Uriel. Re\ufb02exiones entorno a los movimientos sociales desde una perspectiva feminista y antirracista. Barcelona, Editorial Descontrol, 2018<\/span><\/li><li><span style=\"color: #000000;\">Brizuela Gonz\u00e1lez, F., \u00abContra la infancia migrante y racializada (tercera parte)\u00bb. Pikara Magazine 2025.\u00a0<a style=\"color: #000000;\" href=\"https:\/\/www.pikaramagazine.com\/2025\/06\/contra-la-infancia-migrante-y-racializada-tercera-parte\/\" target=\"_blank\" rel=\"noreferrer noopener\">https:\/\/www.pikaramagazine.com\/2025\/06\/contra-la-infancia-migrante-y-racializada-tercera-parte\/<\/a><\/span><\/li><li><span style=\"color: #000000;\">Castej\u00f3n, M., \u00abFeminismo mainstream: feminismos para tiempos digitales, mutaciones y nuevos retos\u00bb. En N. Alabao, L. Cadahia, G. Cano, M. Castej\u00f3n, A. Gim\u00e9nez Adelantado, T. Llaguno, S. L\u00f3pez Gil, J. Montero, C. Serra &amp; F. Vila N\u00fa\u00f1ez. Un feminismo del 99%. Lengua de Trapo, 2018, pp. 45\u201063.\u00a0<a style=\"color: #000000;\" href=\"https:\/\/doi.org\/10.3917\/s.ldt.alaba.2018.01.0045\" target=\"_blank\" rel=\"noreferrer noopener\">https:\/\/doi.org\/10.3917\/s.ldt.alaba.2018.01.0045<\/a>.<\/span><\/li><li><span style=\"color: #000000;\">De Beauvoir, S., El segundo sexo. Par\u00eds, Gallimard, 1949. Hay versi\u00f3n en castellano en Ediciones C\u00e1tedra 2017.<\/span><\/li><li><span style=\"color: #000000;\">Drullard Marquez, W. J., \u00abCapitalismo mutante: pinkwashing y purplewashing\u00bb.\u00a0<em>El Salto<\/em>, 10 de septiembre de 2020.\u00a0<a style=\"color: #000000;\" href=\"https:\/\/osalto.gal\/mapas\/capitalismo-mutante-pinkwashing-y-purplewashing\" target=\"_blank\" rel=\"noreferrer noopener\">https:\/\/osalto.gal\/mapas\/capitalismo-mutante-pinkwashing-y-purplewashing<\/a><\/span><\/li><li><span style=\"color: #000000;\">La Maquia, \u00abPropuesta pol\u00edtica\u00bb, 2024.\u00a0<a style=\"color: #000000;\" href=\"https:\/\/lamaquia.cat\/cas\/wp-content\/uploads\/sites\/2\/2024\/11\/Propuesta_politica_cast.pdf\" target=\"_blank\" rel=\"noreferrer noopener\">https:\/\/lamaquia.cat\/cas\/wp-content\/uploads\/sites\/2\/2024\/11\/Propuesta_politica_cast.pdf<\/a><\/span><\/li><li><span style=\"color: #000000;\">Mainer, S., \u00abRote Zora in Spanish: Anarcha\u2010feminist activism in translation\u00bb. In O. Castro &amp; E. Ergun (Eds.), F<em>eminist Translation Studies<\/em>, Routledge, 2017, pp. 181\u2013 194.\u00a0<a style=\"color: #000000;\" href=\"https:\/\/doi.org\/10.4324\/9781315679624\" target=\"_blank\" rel=\"noreferrer noopener\">https:\/\/doi.org\/10.4324\/9781315679624<\/a><\/span><\/li><li><span style=\"color: #000000;\">Mar Escobedo, D., \u00abEl PSOE borra la Q y el \u2018plus\u2019 de las siglas LGTBIAQ+ y los colectivos responden: \u201cSe trasladar\u00e1 en violencia\u201d\u00bb,\u00a0<em>El Salto<\/em>, 2024.\u00a0<a style=\"color: #000000;\" href=\"https:\/\/www.elsaltodiario.com\/psoe\/psoe-borra-q-plus-siglas-lgtbiaq+-colectivos-responden-se-trasladara-violencia\" target=\"_blank\" rel=\"noreferrer noopener\">https:\/\/www.elsaltodiario.com\/psoe\/psoe-borra-q-plus-siglas-lgtbiaq+-colectivos-responden-se-trasladara-violencia<\/a><\/span><\/li><li><span style=\"color: #000000;\">Mart\u00ednez, R.,\u00a0<em>Lo nuestro s\u00ed que es mundial. Una introducci\u00f3n a la historia del movimiento LGBT en Espa\u00f1a\u00a0<\/em>(3ra. edici\u00f3n). Editorial Egales, 2017. p. 67.<\/span><\/li><li><span style=\"color: #000000;\">Mart\u00ednez Mart\u00ednez, M.,\u00a0<em>La mujer gitana en la historia. Una lecci\u00f3n de resistencia (1539\u20101765)<\/em>. Editorial Acad\u00e9mica Espa\u00f1ola, 2019.<\/span><\/li><li><span style=\"color: #000000;\">Puar, J. K., Terrorist assemblages: Homonationalism in queer times. Duke University Press, 2007.<\/span><\/li><li><span style=\"color: #000000;\">Puar, J. K., \u00abIsrael\u2019s gay propaganda war\u00bb.\u00a0<em>The Guardian<\/em>, 1 de julio de 2010.\u00a0<a style=\"color: #000000;\" href=\"https:\/\/www.theguardian.com\/commentisfree\/2010\/jul\/01\/israels-gay-propaganda-war\" target=\"_blank\" rel=\"noreferrer noopener\">https:\/\/www.theguardian.com\/commentisfree\/2010\/jul\/01\/israels-gay-propaganda-war<\/a><\/span><\/li><li><span style=\"color: #000000;\">Red PutaBolloNegraTransFeminista, \u00abMani\ufb01esto para la Insurrecci\u00f3n Transfeminista\u00bb, 2009.\u00a0<a style=\"color: #000000;\" href=\"https:\/\/paroledequeer.blogspot.com\/2022\/01\/manifiesto-para-la-insurreccion-transfeminista.html\" target=\"_blank\" rel=\"noreferrer noopener\">https:\/\/paroledequeer.blogspot.com\/2022\/01\/manifiesto-para-la-insurreccion-transfeminista.html<\/a><\/span><\/li><li><span style=\"color: #000000;\">Romero Delgado, Marta.\u00a0<em>Lucy Parsons: antolog\u00eda de una anarquista olvidada<\/em>, Editorial Imperdible, 2022.<\/span><\/li><li><span style=\"color: #000000;\">Sol\u00e1, M. &amp; Urko, E. (Coord.), Transfeminismos Epistemes Fricciones y Flujos, Txalaparta, 2014.<\/span><\/li><\/ul><hr class=\"wp-block-separator has-alpha-channel-opacity\" \/><ol class=\"wp-block-footnotes\"><li id=\"071d25c3-0746-455e-acf4-4439925f0d79\" tabindex=\"-1\"><span style=\"color: #000000;\">En este art\u00edculo utilizamos el pronombre e o el femenino gen\u00e9rico indistintamente para referirnos a mujeres e identidades sexog\u00e9nero disidentes, acogiendo una visi\u00f3n no\u2010binaria del sujeto de la lucha transfeminista\u00a0<a style=\"color: #000000;\" href=\"https:\/\/lamaquia.cat\/blog\/no-mixticitat\/\" target=\"_blank\" rel=\"noreferrer noopener\">https:\/\/lamaquia.cat\/blog\/no-mixticitat\/<\/a>.\u00a0<\/span><\/li><li id=\"acc42bc2-5636-496e-ba06-dcc2856af018\"><span style=\"color: #000000;\">No existen referencias documentadas de la presencia de Simone de Beauvoir en las II Jornadas Estatales de la Mujer, aunque hay voces que participaron en ellas que afirman su participaci\u00f3n.\u00a0<\/span><\/li><li id=\"b482a478-ab6d-46c9-a508-bfd8f3f3fdcd\"><span style=\"color: #000000;\">Nuestras elaboraciones provienen de una reflexi\u00f3n y formaci\u00f3n pol\u00edtica a partir de la pr\u00e1ctica. As\u00ed pues, pueden estar alejadas de formulaciones te\u00f3ricas que siguen procesos m\u00e1s academicistas. Recomendamos leer el libro de Sol\u00e1 &amp; Urko (2014) para ampliar algunas ideas que aparecen en el texto.\u00a0<\/span><\/li><\/ol><\/div>\t\t\t\t\t\t\t\t<\/div>\n\t\t\t\t<\/div>\n\t\t\t\t\t<\/div>\n\t\t\t\t<\/div>\n\t\t\t\t<\/div>\n\t\t","protected":false},"excerpt":{"rendered":"<p>\u00a0 \u00a0 \u00a0 \u00abLos asuntos humanos, como la vida misma, son como los ciclos de la naturaleza. Es como la marea baja y alta del mar yendo desde el oc\u00e9ano [&hellip;]<\/p>\n","protected":false},"author":1,"featured_media":0,"comment_status":"closed","ping_status":"open","sticky":false,"template":"","format":"standard","meta":{"saved_in_kubio":false,"footnotes":""},"categories":[12],"tags":[],"class_list":["post-889","post","type-post","status-publish","format-standard","hentry","category-articulos"],"yoast_head":"<!-- This site is optimized with the Yoast SEO plugin v23.7 - https:\/\/yoast.com\/wordpress\/plugins\/seo\/ -->\n<title>Transfeminismo y anarquismo: la ola de la que no nos hablaron - La Maquia<\/title>\n<meta name=\"robots\" content=\"index, follow, max-snippet:-1, max-image-preview:large, max-video-preview:-1\" \/>\n<link rel=\"canonical\" href=\"https:\/\/lamaquia.cat\/cas\/elementor-889\/\" \/>\n<meta property=\"og:locale\" content=\"es_ES\" \/>\n<meta property=\"og:type\" content=\"article\" \/>\n<meta property=\"og:title\" content=\"Transfeminismo y anarquismo: la ola de la que no nos hablaron - La Maquia\" \/>\n<meta property=\"og:description\" content=\"\u00a0 \u00a0 \u00a0 \u00abLos asuntos humanos, como la vida misma, son como los ciclos de la naturaleza. Es como la marea baja y alta del mar yendo desde el oc\u00e9ano [&hellip;]\" \/>\n<meta property=\"og:url\" content=\"https:\/\/lamaquia.cat\/cas\/elementor-889\/\" \/>\n<meta property=\"og:site_name\" content=\"La Maquia\" \/>\n<meta property=\"article:published_time\" content=\"2026-01-01T16:44:11+00:00\" \/>\n<meta property=\"article:modified_time\" content=\"2026-01-21T16:49:13+00:00\" \/>\n<meta property=\"og:image\" content=\"https:\/\/redeslibertarias.com\/wp-content\/uploads\/2025\/12\/rl4-1.png?w=640\" \/>\n<meta name=\"author\" content=\"MaquiaAdmin\" \/>\n<meta name=\"twitter:card\" content=\"summary_large_image\" \/>\n<meta name=\"twitter:creator\" content=\"@azadijin_cat\" \/>\n<meta name=\"twitter:site\" content=\"@azadijin_cat\" \/>\n<meta name=\"twitter:label1\" content=\"Escrito por\" \/>\n\t<meta name=\"twitter:data1\" content=\"MaquiaAdmin\" \/>\n\t<meta name=\"twitter:label2\" content=\"Tiempo de lectura\" \/>\n\t<meta name=\"twitter:data2\" content=\"16 minutos\" \/>\n<script type=\"application\/ld+json\" class=\"yoast-schema-graph\">{\"@context\":\"https:\/\/schema.org\",\"@graph\":[{\"@type\":\"Article\",\"@id\":\"https:\/\/lamaquia.cat\/cas\/elementor-889\/#article\",\"isPartOf\":{\"@id\":\"https:\/\/lamaquia.cat\/cas\/elementor-889\/\"},\"author\":{\"name\":\"MaquiaAdmin\",\"@id\":\"https:\/\/lamaquia.cat\/cas\/#\/schema\/person\/bb2b1aa60c96fdc02b75568fdb05b75e\"},\"headline\":\"Transfeminismo y anarquismo: la ola de la que no nos hablaron\",\"datePublished\":\"2026-01-01T16:44:11+00:00\",\"dateModified\":\"2026-01-21T16:49:13+00:00\",\"mainEntityOfPage\":{\"@id\":\"https:\/\/lamaquia.cat\/cas\/elementor-889\/\"},\"wordCount\":3423,\"publisher\":{\"@id\":\"https:\/\/lamaquia.cat\/cas\/#organization\"},\"image\":{\"@id\":\"https:\/\/lamaquia.cat\/cas\/elementor-889\/#primaryimage\"},\"thumbnailUrl\":\"https:\/\/redeslibertarias.com\/wp-content\/uploads\/2025\/12\/rl4-1.png?w=640\",\"articleSection\":[\"Art\u00edculos\"],\"inLanguage\":\"es\"},{\"@type\":\"WebPage\",\"@id\":\"https:\/\/lamaquia.cat\/cas\/elementor-889\/\",\"url\":\"https:\/\/lamaquia.cat\/cas\/elementor-889\/\",\"name\":\"Transfeminismo y anarquismo: la ola de la que no nos hablaron - La Maquia\",\"isPartOf\":{\"@id\":\"https:\/\/lamaquia.cat\/cas\/#website\"},\"primaryImageOfPage\":{\"@id\":\"https:\/\/lamaquia.cat\/cas\/elementor-889\/#primaryimage\"},\"image\":{\"@id\":\"https:\/\/lamaquia.cat\/cas\/elementor-889\/#primaryimage\"},\"thumbnailUrl\":\"https:\/\/redeslibertarias.com\/wp-content\/uploads\/2025\/12\/rl4-1.png?w=640\",\"datePublished\":\"2026-01-01T16:44:11+00:00\",\"dateModified\":\"2026-01-21T16:49:13+00:00\",\"breadcrumb\":{\"@id\":\"https:\/\/lamaquia.cat\/cas\/elementor-889\/#breadcrumb\"},\"inLanguage\":\"es\",\"potentialAction\":[{\"@type\":\"ReadAction\",\"target\":[\"https:\/\/lamaquia.cat\/cas\/elementor-889\/\"]}]},{\"@type\":\"ImageObject\",\"inLanguage\":\"es\",\"@id\":\"https:\/\/lamaquia.cat\/cas\/elementor-889\/#primaryimage\",\"url\":\"https:\/\/redeslibertarias.com\/wp-content\/uploads\/2025\/12\/rl4-1.png?w=640\",\"contentUrl\":\"https:\/\/redeslibertarias.com\/wp-content\/uploads\/2025\/12\/rl4-1.png?w=640\"},{\"@type\":\"BreadcrumbList\",\"@id\":\"https:\/\/lamaquia.cat\/cas\/elementor-889\/#breadcrumb\",\"itemListElement\":[{\"@type\":\"ListItem\",\"position\":1,\"name\":\"LaMaquia\",\"item\":\"https:\/\/lamaquia.cat\/cas\/\"},{\"@type\":\"ListItem\",\"position\":2,\"name\":\"Transfeminismo y anarquismo: la ola de la que no nos hablaron\"}]},{\"@type\":\"WebSite\",\"@id\":\"https:\/\/lamaquia.cat\/cas\/#website\",\"url\":\"https:\/\/lamaquia.cat\/cas\/\",\"name\":\"La Maquia\",\"description\":\"P\u00e1gina web de la organizaci\u00f3n La M\u00e0quia Azadi jin\",\"publisher\":{\"@id\":\"https:\/\/lamaquia.cat\/cas\/#organization\"},\"potentialAction\":[{\"@type\":\"SearchAction\",\"target\":{\"@type\":\"EntryPoint\",\"urlTemplate\":\"https:\/\/lamaquia.cat\/cas\/?s={search_term_string}\"},\"query-input\":{\"@type\":\"PropertyValueSpecification\",\"valueRequired\":true,\"valueName\":\"search_term_string\"}}],\"inLanguage\":\"es\"},{\"@type\":\"Organization\",\"@id\":\"https:\/\/lamaquia.cat\/cas\/#organization\",\"name\":\"La Maquia\",\"url\":\"https:\/\/lamaquia.cat\/cas\/\",\"logo\":{\"@type\":\"ImageObject\",\"inLanguage\":\"es\",\"@id\":\"https:\/\/lamaquia.cat\/cas\/#\/schema\/logo\/image\/\",\"url\":\"https:\/\/lamaquia.cat\/cas\/wp-content\/uploads\/sites\/2\/2024\/10\/Logo-La-Maquia_Fucsia_Web.png\",\"contentUrl\":\"https:\/\/lamaquia.cat\/cas\/wp-content\/uploads\/sites\/2\/2024\/10\/Logo-La-Maquia_Fucsia_Web.png\",\"width\":512,\"height\":512,\"caption\":\"La Maquia\"},\"image\":{\"@id\":\"https:\/\/lamaquia.cat\/cas\/#\/schema\/logo\/image\/\"},\"sameAs\":[\"https:\/\/x.com\/azadijin_cat\",\"https:\/\/www.instagram.com\/la.maquia\/\"]},{\"@type\":\"Person\",\"@id\":\"https:\/\/lamaquia.cat\/cas\/#\/schema\/person\/bb2b1aa60c96fdc02b75568fdb05b75e\",\"name\":\"MaquiaAdmin\",\"image\":{\"@type\":\"ImageObject\",\"inLanguage\":\"es\",\"@id\":\"https:\/\/lamaquia.cat\/cas\/#\/schema\/person\/image\/\",\"url\":\"https:\/\/secure.gravatar.com\/avatar\/8037c549208bb2ce0eeda1264cdbaf2d?s=96&d=mm&r=g\",\"contentUrl\":\"https:\/\/secure.gravatar.com\/avatar\/8037c549208bb2ce0eeda1264cdbaf2d?s=96&d=mm&r=g\",\"caption\":\"MaquiaAdmin\"},\"sameAs\":[\"https:\/\/lamaquia.cat\"],\"url\":\"https:\/\/lamaquia.cat\/cas\/author\/maquiaadmin\/\"}]}<\/script>\n<!-- \/ Yoast SEO plugin. -->","yoast_head_json":{"title":"Transfeminismo y anarquismo: la ola de la que no nos hablaron - La Maquia","robots":{"index":"index","follow":"follow","max-snippet":"max-snippet:-1","max-image-preview":"max-image-preview:large","max-video-preview":"max-video-preview:-1"},"canonical":"https:\/\/lamaquia.cat\/cas\/elementor-889\/","og_locale":"es_ES","og_type":"article","og_title":"Transfeminismo y anarquismo: la ola de la que no nos hablaron - La Maquia","og_description":"\u00a0 \u00a0 \u00a0 \u00abLos asuntos humanos, como la vida misma, son como los ciclos de la naturaleza. Es como la marea baja y alta del mar yendo desde el oc\u00e9ano [&hellip;]","og_url":"https:\/\/lamaquia.cat\/cas\/elementor-889\/","og_site_name":"La Maquia","article_published_time":"2026-01-01T16:44:11+00:00","article_modified_time":"2026-01-21T16:49:13+00:00","og_image":[{"url":"https:\/\/redeslibertarias.com\/wp-content\/uploads\/2025\/12\/rl4-1.png?w=640"}],"author":"MaquiaAdmin","twitter_card":"summary_large_image","twitter_creator":"@azadijin_cat","twitter_site":"@azadijin_cat","twitter_misc":{"Escrito por":"MaquiaAdmin","Tiempo de lectura":"16 minutos"},"schema":{"@context":"https:\/\/schema.org","@graph":[{"@type":"Article","@id":"https:\/\/lamaquia.cat\/cas\/elementor-889\/#article","isPartOf":{"@id":"https:\/\/lamaquia.cat\/cas\/elementor-889\/"},"author":{"name":"MaquiaAdmin","@id":"https:\/\/lamaquia.cat\/cas\/#\/schema\/person\/bb2b1aa60c96fdc02b75568fdb05b75e"},"headline":"Transfeminismo y anarquismo: la ola de la que no nos hablaron","datePublished":"2026-01-01T16:44:11+00:00","dateModified":"2026-01-21T16:49:13+00:00","mainEntityOfPage":{"@id":"https:\/\/lamaquia.cat\/cas\/elementor-889\/"},"wordCount":3423,"publisher":{"@id":"https:\/\/lamaquia.cat\/cas\/#organization"},"image":{"@id":"https:\/\/lamaquia.cat\/cas\/elementor-889\/#primaryimage"},"thumbnailUrl":"https:\/\/redeslibertarias.com\/wp-content\/uploads\/2025\/12\/rl4-1.png?w=640","articleSection":["Art\u00edculos"],"inLanguage":"es"},{"@type":"WebPage","@id":"https:\/\/lamaquia.cat\/cas\/elementor-889\/","url":"https:\/\/lamaquia.cat\/cas\/elementor-889\/","name":"Transfeminismo y anarquismo: la ola de la que no nos hablaron - La Maquia","isPartOf":{"@id":"https:\/\/lamaquia.cat\/cas\/#website"},"primaryImageOfPage":{"@id":"https:\/\/lamaquia.cat\/cas\/elementor-889\/#primaryimage"},"image":{"@id":"https:\/\/lamaquia.cat\/cas\/elementor-889\/#primaryimage"},"thumbnailUrl":"https:\/\/redeslibertarias.com\/wp-content\/uploads\/2025\/12\/rl4-1.png?w=640","datePublished":"2026-01-01T16:44:11+00:00","dateModified":"2026-01-21T16:49:13+00:00","breadcrumb":{"@id":"https:\/\/lamaquia.cat\/cas\/elementor-889\/#breadcrumb"},"inLanguage":"es","potentialAction":[{"@type":"ReadAction","target":["https:\/\/lamaquia.cat\/cas\/elementor-889\/"]}]},{"@type":"ImageObject","inLanguage":"es","@id":"https:\/\/lamaquia.cat\/cas\/elementor-889\/#primaryimage","url":"https:\/\/redeslibertarias.com\/wp-content\/uploads\/2025\/12\/rl4-1.png?w=640","contentUrl":"https:\/\/redeslibertarias.com\/wp-content\/uploads\/2025\/12\/rl4-1.png?w=640"},{"@type":"BreadcrumbList","@id":"https:\/\/lamaquia.cat\/cas\/elementor-889\/#breadcrumb","itemListElement":[{"@type":"ListItem","position":1,"name":"LaMaquia","item":"https:\/\/lamaquia.cat\/cas\/"},{"@type":"ListItem","position":2,"name":"Transfeminismo y anarquismo: la ola de la que no nos hablaron"}]},{"@type":"WebSite","@id":"https:\/\/lamaquia.cat\/cas\/#website","url":"https:\/\/lamaquia.cat\/cas\/","name":"La Maquia","description":"P\u00e1gina web de la organizaci\u00f3n La M\u00e0quia Azadi jin","publisher":{"@id":"https:\/\/lamaquia.cat\/cas\/#organization"},"potentialAction":[{"@type":"SearchAction","target":{"@type":"EntryPoint","urlTemplate":"https:\/\/lamaquia.cat\/cas\/?s={search_term_string}"},"query-input":{"@type":"PropertyValueSpecification","valueRequired":true,"valueName":"search_term_string"}}],"inLanguage":"es"},{"@type":"Organization","@id":"https:\/\/lamaquia.cat\/cas\/#organization","name":"La Maquia","url":"https:\/\/lamaquia.cat\/cas\/","logo":{"@type":"ImageObject","inLanguage":"es","@id":"https:\/\/lamaquia.cat\/cas\/#\/schema\/logo\/image\/","url":"https:\/\/lamaquia.cat\/cas\/wp-content\/uploads\/sites\/2\/2024\/10\/Logo-La-Maquia_Fucsia_Web.png","contentUrl":"https:\/\/lamaquia.cat\/cas\/wp-content\/uploads\/sites\/2\/2024\/10\/Logo-La-Maquia_Fucsia_Web.png","width":512,"height":512,"caption":"La Maquia"},"image":{"@id":"https:\/\/lamaquia.cat\/cas\/#\/schema\/logo\/image\/"},"sameAs":["https:\/\/x.com\/azadijin_cat","https:\/\/www.instagram.com\/la.maquia\/"]},{"@type":"Person","@id":"https:\/\/lamaquia.cat\/cas\/#\/schema\/person\/bb2b1aa60c96fdc02b75568fdb05b75e","name":"MaquiaAdmin","image":{"@type":"ImageObject","inLanguage":"es","@id":"https:\/\/lamaquia.cat\/cas\/#\/schema\/person\/image\/","url":"https:\/\/secure.gravatar.com\/avatar\/8037c549208bb2ce0eeda1264cdbaf2d?s=96&d=mm&r=g","contentUrl":"https:\/\/secure.gravatar.com\/avatar\/8037c549208bb2ce0eeda1264cdbaf2d?s=96&d=mm&r=g","caption":"MaquiaAdmin"},"sameAs":["https:\/\/lamaquia.cat"],"url":"https:\/\/lamaquia.cat\/cas\/author\/maquiaadmin\/"}]}},"_links":{"self":[{"href":"https:\/\/lamaquia.cat\/cas\/wp-json\/wp\/v2\/posts\/889","targetHints":{"allow":["GET"]}}],"collection":[{"href":"https:\/\/lamaquia.cat\/cas\/wp-json\/wp\/v2\/posts"}],"about":[{"href":"https:\/\/lamaquia.cat\/cas\/wp-json\/wp\/v2\/types\/post"}],"author":[{"embeddable":true,"href":"https:\/\/lamaquia.cat\/cas\/wp-json\/wp\/v2\/users\/1"}],"replies":[{"embeddable":true,"href":"https:\/\/lamaquia.cat\/cas\/wp-json\/wp\/v2\/comments?post=889"}],"version-history":[{"count":12,"href":"https:\/\/lamaquia.cat\/cas\/wp-json\/wp\/v2\/posts\/889\/revisions"}],"predecessor-version":[{"id":910,"href":"https:\/\/lamaquia.cat\/cas\/wp-json\/wp\/v2\/posts\/889\/revisions\/910"}],"wp:attachment":[{"href":"https:\/\/lamaquia.cat\/cas\/wp-json\/wp\/v2\/media?parent=889"}],"wp:term":[{"taxonomy":"category","embeddable":true,"href":"https:\/\/lamaquia.cat\/cas\/wp-json\/wp\/v2\/categories?post=889"},{"taxonomy":"post_tag","embeddable":true,"href":"https:\/\/lamaquia.cat\/cas\/wp-json\/wp\/v2\/tags?post=889"}],"curies":[{"name":"wp","href":"https:\/\/api.w.org\/{rel}","templated":true}]}}