{"id":826,"date":"2025-03-07T16:41:46","date_gmt":"2025-03-07T15:41:46","guid":{"rendered":"https:\/\/lamaquia.cat\/cas\/?p=826"},"modified":"2025-04-10T16:50:45","modified_gmt":"2025-04-10T14:50:45","slug":"manifiesto-8m","status":"publish","type":"post","link":"https:\/\/lamaquia.cat\/cas\/manifiesto-8m\/","title":{"rendered":"MANIFIESTO 8M"},"content":{"rendered":"\t\t<div data-elementor-type=\"wp-post\" data-elementor-id=\"826\" class=\"elementor elementor-826\">\n\t\t\t\t<div class=\"elementor-element elementor-element-cb5dcc9 e-flex e-con-boxed e-con e-parent\" data-id=\"cb5dcc9\" data-element_type=\"container\">\n\t\t\t\t\t<div class=\"e-con-inner\">\n\t\t\t\t<div class=\"elementor-element elementor-element-3669b22 elementor-widget elementor-widget-text-editor\" data-id=\"3669b22\" data-element_type=\"widget\" data-widget_type=\"text-editor.default\">\n\t\t\t\t<div class=\"elementor-widget-container\">\n\t\t\t\t\t\t\t\t\t<p data-start=\"113\" data-end=\"432\">Un 8M m\u00e1s, desde La M\u00e0quia \u2013 Azad\u00ee J\u00een, queremos posicionarnos sobre la importancia de seguir impulsando un transfeminismo combativo y comprometido con la lucha, que apueste con determinaci\u00f3n por tejer y fortalecer alianzas tanto en el territorio que habitamos como con las luchas que se llevan a cabo en todo el mundo.<\/p><p data-start=\"113\" data-end=\"432\"><br><\/p>\n<p data-start=\"113\" data-end=\"432\">\n<\/p><p data-start=\"434\" data-end=\"1170\">Las instituciones quieren capitalizar el feminismo, filtr\u00e1ndolo y excluyendo cualquier componente radical que se\u00f1ale los sistemas de dominaci\u00f3n, como el capitalismo, el racismo y el colonialismo. Mientras se aprobaba la ley del \u00abSolo s\u00ed es s\u00ed\u00bb, tambi\u00e9n se aprobaba la \u00abtercer\u00eda locativa\u00bb \u2013una ley que persigue a les trabajadores sexuales\u2013, trazando as\u00ed una l\u00ednea divisoria entre qui\u00e9n merece ser protegido dentro del \u00abfeminismo\u00bb y qui\u00e9n debe ser criminalizado. Lo mismo ocurre con instituciones como la DGAIA, que en el discurso premia a \u00ablas mujeres aut\u00f3nomas\u00bb, pero criminaliza, mediante la retirada de custodias, todas aquellas maternidades que escapan de su supuesto feminismo: mujeres y otras personas migrantes, solteras y pobres.<\/p><p data-start=\"434\" data-end=\"1170\"><br><\/p>\n<p data-start=\"434\" data-end=\"1170\">\n<\/p><p data-start=\"434\" data-end=\"1170\">\n<\/p><p data-start=\"1172\" data-end=\"1835\">Hemos visto c\u00f3mo el gobierno del PSOE, que se autoproclama \u00abel gobierno m\u00e1s feminista de la historia\u00bb, ha intentado recortar la Ley Trans, ha eliminado las siglas Q+ de su documento ideol\u00f3gico \u00abpor su significado mis\u00f3gino, liberal y antifeminista\u00bb y ha propuesto excluir a las mujeres trans de las categor\u00edas femeninas en el deporte. Tambi\u00e9n su hom\u00f3logo el PSC en Barcelona, liderado por Collboni y el Pla Endre\u00e7a, ha perseguido a trabajadores sexuales, vendedores ambulantes y personas sin hogar. Atacan y persiguen con multas, identificaciones y detenciones, particularmente por perfil racial, a todes aquelles que no encajan en su ideal de \u00ablimpio y ordenado\u00bb.<\/p><p data-start=\"1172\" data-end=\"1835\"><br><\/p>\n<p data-start=\"1172\" data-end=\"1835\">\n<\/p><p data-start=\"1172\" data-end=\"1835\">\n<\/p><p data-start=\"1837\" data-end=\"2399\">Estas violencias institucionales est\u00e1n sostenidas por un discurso feminista mainstream, blanco, cis y acomodado, que criminaliza a quienes habitamos los m\u00e1rgenes. Sit\u00faa a las personas migrantes y pobres como focos de violencia machista, a les trabajadores sexuales como proxenetas o v\u00edctimas, y a las personas trans y no binarias como identidades mis\u00f3ginas y liberales. Un feminismo que tampoco ve que el enriquecimiento del norte global&nbsp;<span style=\"font-family: Roboto, Helvetica, Arial, sans-serif, serif;\">significa guerra y miseria para las mujeres y disidencias del sur; un feminismo c\u00f3mplice del sistema capitalista y colonial.<\/span><\/p>\n<p data-start=\"1837\" data-end=\"2399\"><span style=\"font-family: Roboto, Helvetica, Arial, sans-serif, serif;\">&nbsp;<\/span><\/p>\n<p data-start=\"2401\" data-end=\"3291\">Adem\u00e1s, no podemos entender estas violencias al margen del auge internacional de la extrema derecha. Estamos viviendo un aumento de ideas, discursos y pr\u00e1cticas fascistas que, aunque nunca han desaparecido, est\u00e1n ganando fuerza. Hace tiempo que la maquinaria medi\u00e1tica y pol\u00edtica est\u00e1 en marcha para culpar y criminalizar a quien convenga, como enemigo interno, para justificar las crisis del sistema. Las ret\u00f3ricas y pr\u00e1cticas racistas y xen\u00f3fobas, machistas y tr\u00e1nsfobas se extienden por las calles, los medios y las instituciones con total impunidad. Proclamas como la inseguridad en las calles, la migraci\u00f3n descontrolada o el ataque a pol\u00edticas de protecci\u00f3n para las mujeres y personas disidentes de g\u00e9nero han ganado terreno. Discursos que antes eran p\u00fablicamente rechazados, ahora son abiertamente aplaudidos, convirti\u00e9ndose en amenazas graves para quienes no encajamos en la norma.<\/p><p data-start=\"2401\" data-end=\"3291\"><br><\/p>\n<p data-start=\"2401\" data-end=\"3291\">\n<\/p><p data-start=\"2401\" data-end=\"3291\">\n<\/p><p data-start=\"3293\" data-end=\"3661\">Este 8 de marzo, desde La M\u00e0quia \u2013 Azad\u00ee J\u00een, hacemos un llamado a la solidaridad activa transfronteriza, tejiendo alianzas con todes les compa\u00f1eres y poniendo el cuerpo en la lucha y la resistencia. Os animamos a todes a construir y expandir redes de apoyo mutuo, para seguir levantando un transfeminismo aut\u00f3nomo que se\u00f1ale y ataque todos los sistemas de dominaci\u00f3n.<\/p><p data-start=\"3293\" data-end=\"3661\"><br><\/p>\n<p data-start=\"3293\" data-end=\"3661\">\n<\/p><p data-start=\"3293\" data-end=\"3661\">\n<\/p><p data-start=\"3663\" data-end=\"3711\">\u00a1Afilemos los m\u00e1rgenes para combatir con fuerza!<\/p><p data-start=\"3663\" data-end=\"3711\"><br><\/p>\n<p data-start=\"3663\" data-end=\"3711\">\n<\/p><p data-start=\"3663\" data-end=\"3711\">\n<\/p><p data-start=\"3713\" data-end=\"3743\"><b>\u00a1Viva la lucha transfeminista!<\/b><\/p>\t\t\t\t\t\t\t\t<\/div>\n\t\t\t\t<\/div>\n\t\t\t\t\t<\/div>\n\t\t\t\t<\/div>\n\t\t\t\t<\/div>\n\t\t","protected":false},"excerpt":{"rendered":"<p>Un 8M m\u00e1s, desde La M\u00e0quia \u2013 Azad\u00ee J\u00een, queremos posicionarnos sobre la importancia de seguir impulsando un transfeminismo combativo y comprometido con la lucha, que apueste con determinaci\u00f3n por [&hellip;]<\/p>\n","protected":false},"author":1,"featured_media":831,"comment_status":"closed","ping_status":"open","sticky":false,"template":"","format":"standard","meta":{"saved_in_kubio":false,"footnotes":""},"categories":[1],"tags":[],"class_list":["post-826","post","type-post","status-publish","format-standard","has-post-thumbnail","hentry","category-sin-categoria"],"yoast_head":"<!-- This site is optimized with the Yoast SEO plugin v23.7 - https:\/\/yoast.com\/wordpress\/plugins\/seo\/ -->\n<title>MANIFIESTO 8M - La Maquia<\/title>\n<meta name=\"robots\" content=\"index, follow, max-snippet:-1, max-image-preview:large, max-video-preview:-1\" \/>\n<link rel=\"canonical\" href=\"https:\/\/lamaquia.cat\/cas\/manifiesto-8m\/\" \/>\n<meta property=\"og:locale\" content=\"es_ES\" \/>\n<meta property=\"og:type\" content=\"article\" \/>\n<meta property=\"og:title\" content=\"MANIFIESTO 8M - La Maquia\" \/>\n<meta property=\"og:description\" content=\"Un 8M m\u00e1s, desde La M\u00e0quia \u2013 Azad\u00ee J\u00een, queremos posicionarnos sobre la importancia de seguir impulsando un transfeminismo combativo y comprometido con la lucha, que apueste con determinaci\u00f3n por [&hellip;]\" \/>\n<meta property=\"og:url\" content=\"https:\/\/lamaquia.cat\/cas\/manifiesto-8m\/\" \/>\n<meta property=\"og:site_name\" content=\"La Maquia\" \/>\n<meta property=\"article:published_time\" content=\"2025-03-07T15:41:46+00:00\" \/>\n<meta property=\"article:modified_time\" content=\"2025-04-10T14:50:45+00:00\" \/>\n<meta property=\"og:image\" content=\"https:\/\/lamaquia.cat\/cas\/wp-content\/uploads\/sites\/2\/2025\/04\/cartelaweb2.jpg\" \/>\n\t<meta property=\"og:image:width\" content=\"1090\" \/>\n\t<meta property=\"og:image:height\" content=\"818\" \/>\n\t<meta property=\"og:image:type\" content=\"image\/jpeg\" \/>\n<meta name=\"author\" content=\"MaquiaAdmin\" \/>\n<meta name=\"twitter:card\" content=\"summary_large_image\" \/>\n<meta name=\"twitter:creator\" content=\"@azadijin_cat\" \/>\n<meta name=\"twitter:site\" content=\"@azadijin_cat\" \/>\n<meta name=\"twitter:label1\" content=\"Escrito por\" \/>\n\t<meta name=\"twitter:data1\" content=\"MaquiaAdmin\" \/>\n\t<meta name=\"twitter:label2\" content=\"Tiempo de lectura\" \/>\n\t<meta name=\"twitter:data2\" content=\"3 minutos\" \/>\n<script type=\"application\/ld+json\" class=\"yoast-schema-graph\">{\"@context\":\"https:\/\/schema.org\",\"@graph\":[{\"@type\":\"Article\",\"@id\":\"https:\/\/lamaquia.cat\/cas\/manifiesto-8m\/#article\",\"isPartOf\":{\"@id\":\"https:\/\/lamaquia.cat\/cas\/manifiesto-8m\/\"},\"author\":{\"name\":\"MaquiaAdmin\",\"@id\":\"https:\/\/lamaquia.cat\/cas\/#\/schema\/person\/bb2b1aa60c96fdc02b75568fdb05b75e\"},\"headline\":\"MANIFIESTO 8M\",\"datePublished\":\"2025-03-07T15:41:46+00:00\",\"dateModified\":\"2025-04-10T14:50:45+00:00\",\"mainEntityOfPage\":{\"@id\":\"https:\/\/lamaquia.cat\/cas\/manifiesto-8m\/\"},\"wordCount\":604,\"publisher\":{\"@id\":\"https:\/\/lamaquia.cat\/cas\/#organization\"},\"image\":{\"@id\":\"https:\/\/lamaquia.cat\/cas\/manifiesto-8m\/#primaryimage\"},\"thumbnailUrl\":\"https:\/\/lamaquia.cat\/cas\/wp-content\/uploads\/sites\/2\/2025\/04\/cartelaweb2.jpg\",\"inLanguage\":\"es\"},{\"@type\":\"WebPage\",\"@id\":\"https:\/\/lamaquia.cat\/cas\/manifiesto-8m\/\",\"url\":\"https:\/\/lamaquia.cat\/cas\/manifiesto-8m\/\",\"name\":\"MANIFIESTO 8M - La Maquia\",\"isPartOf\":{\"@id\":\"https:\/\/lamaquia.cat\/cas\/#website\"},\"primaryImageOfPage\":{\"@id\":\"https:\/\/lamaquia.cat\/cas\/manifiesto-8m\/#primaryimage\"},\"image\":{\"@id\":\"https:\/\/lamaquia.cat\/cas\/manifiesto-8m\/#primaryimage\"},\"thumbnailUrl\":\"https:\/\/lamaquia.cat\/cas\/wp-content\/uploads\/sites\/2\/2025\/04\/cartelaweb2.jpg\",\"datePublished\":\"2025-03-07T15:41:46+00:00\",\"dateModified\":\"2025-04-10T14:50:45+00:00\",\"breadcrumb\":{\"@id\":\"https:\/\/lamaquia.cat\/cas\/manifiesto-8m\/#breadcrumb\"},\"inLanguage\":\"es\",\"potentialAction\":[{\"@type\":\"ReadAction\",\"target\":[\"https:\/\/lamaquia.cat\/cas\/manifiesto-8m\/\"]}]},{\"@type\":\"ImageObject\",\"inLanguage\":\"es\",\"@id\":\"https:\/\/lamaquia.cat\/cas\/manifiesto-8m\/#primaryimage\",\"url\":\"https:\/\/lamaquia.cat\/cas\/wp-content\/uploads\/sites\/2\/2025\/04\/cartelaweb2.jpg\",\"contentUrl\":\"https:\/\/lamaquia.cat\/cas\/wp-content\/uploads\/sites\/2\/2025\/04\/cartelaweb2.jpg\",\"width\":1090,\"height\":818},{\"@type\":\"BreadcrumbList\",\"@id\":\"https:\/\/lamaquia.cat\/cas\/manifiesto-8m\/#breadcrumb\",\"itemListElement\":[{\"@type\":\"ListItem\",\"position\":1,\"name\":\"LaMaquia\",\"item\":\"https:\/\/lamaquia.cat\/cas\/\"},{\"@type\":\"ListItem\",\"position\":2,\"name\":\"MANIFIESTO 8M\"}]},{\"@type\":\"WebSite\",\"@id\":\"https:\/\/lamaquia.cat\/cas\/#website\",\"url\":\"https:\/\/lamaquia.cat\/cas\/\",\"name\":\"La Maquia\",\"description\":\"P\u00e1gina web de la organizaci\u00f3n La M\u00e0quia Azadi jin\",\"publisher\":{\"@id\":\"https:\/\/lamaquia.cat\/cas\/#organization\"},\"potentialAction\":[{\"@type\":\"SearchAction\",\"target\":{\"@type\":\"EntryPoint\",\"urlTemplate\":\"https:\/\/lamaquia.cat\/cas\/?s={search_term_string}\"},\"query-input\":{\"@type\":\"PropertyValueSpecification\",\"valueRequired\":true,\"valueName\":\"search_term_string\"}}],\"inLanguage\":\"es\"},{\"@type\":\"Organization\",\"@id\":\"https:\/\/lamaquia.cat\/cas\/#organization\",\"name\":\"La Maquia\",\"url\":\"https:\/\/lamaquia.cat\/cas\/\",\"logo\":{\"@type\":\"ImageObject\",\"inLanguage\":\"es\",\"@id\":\"https:\/\/lamaquia.cat\/cas\/#\/schema\/logo\/image\/\",\"url\":\"https:\/\/lamaquia.cat\/cas\/wp-content\/uploads\/sites\/2\/2024\/10\/Logo-La-Maquia_Fucsia_Web.png\",\"contentUrl\":\"https:\/\/lamaquia.cat\/cas\/wp-content\/uploads\/sites\/2\/2024\/10\/Logo-La-Maquia_Fucsia_Web.png\",\"width\":512,\"height\":512,\"caption\":\"La Maquia\"},\"image\":{\"@id\":\"https:\/\/lamaquia.cat\/cas\/#\/schema\/logo\/image\/\"},\"sameAs\":[\"https:\/\/x.com\/azadijin_cat\",\"https:\/\/www.instagram.com\/la.maquia\/\"]},{\"@type\":\"Person\",\"@id\":\"https:\/\/lamaquia.cat\/cas\/#\/schema\/person\/bb2b1aa60c96fdc02b75568fdb05b75e\",\"name\":\"MaquiaAdmin\",\"image\":{\"@type\":\"ImageObject\",\"inLanguage\":\"es\",\"@id\":\"https:\/\/lamaquia.cat\/cas\/#\/schema\/person\/image\/\",\"url\":\"https:\/\/secure.gravatar.com\/avatar\/8037c549208bb2ce0eeda1264cdbaf2d?s=96&d=mm&r=g\",\"contentUrl\":\"https:\/\/secure.gravatar.com\/avatar\/8037c549208bb2ce0eeda1264cdbaf2d?s=96&d=mm&r=g\",\"caption\":\"MaquiaAdmin\"},\"sameAs\":[\"https:\/\/lamaquia.cat\"],\"url\":\"https:\/\/lamaquia.cat\/cas\/author\/maquiaadmin\/\"}]}<\/script>\n<!-- \/ Yoast SEO plugin. -->","yoast_head_json":{"title":"MANIFIESTO 8M - La Maquia","robots":{"index":"index","follow":"follow","max-snippet":"max-snippet:-1","max-image-preview":"max-image-preview:large","max-video-preview":"max-video-preview:-1"},"canonical":"https:\/\/lamaquia.cat\/cas\/manifiesto-8m\/","og_locale":"es_ES","og_type":"article","og_title":"MANIFIESTO 8M - La Maquia","og_description":"Un 8M m\u00e1s, desde La M\u00e0quia \u2013 Azad\u00ee J\u00een, queremos posicionarnos sobre la importancia de seguir impulsando un transfeminismo combativo y comprometido con la lucha, que apueste con determinaci\u00f3n por [&hellip;]","og_url":"https:\/\/lamaquia.cat\/cas\/manifiesto-8m\/","og_site_name":"La Maquia","article_published_time":"2025-03-07T15:41:46+00:00","article_modified_time":"2025-04-10T14:50:45+00:00","og_image":[{"width":1090,"height":818,"url":"https:\/\/lamaquia.cat\/cas\/wp-content\/uploads\/sites\/2\/2025\/04\/cartelaweb2.jpg","type":"image\/jpeg"}],"author":"MaquiaAdmin","twitter_card":"summary_large_image","twitter_creator":"@azadijin_cat","twitter_site":"@azadijin_cat","twitter_misc":{"Escrito por":"MaquiaAdmin","Tiempo de lectura":"3 minutos"},"schema":{"@context":"https:\/\/schema.org","@graph":[{"@type":"Article","@id":"https:\/\/lamaquia.cat\/cas\/manifiesto-8m\/#article","isPartOf":{"@id":"https:\/\/lamaquia.cat\/cas\/manifiesto-8m\/"},"author":{"name":"MaquiaAdmin","@id":"https:\/\/lamaquia.cat\/cas\/#\/schema\/person\/bb2b1aa60c96fdc02b75568fdb05b75e"},"headline":"MANIFIESTO 8M","datePublished":"2025-03-07T15:41:46+00:00","dateModified":"2025-04-10T14:50:45+00:00","mainEntityOfPage":{"@id":"https:\/\/lamaquia.cat\/cas\/manifiesto-8m\/"},"wordCount":604,"publisher":{"@id":"https:\/\/lamaquia.cat\/cas\/#organization"},"image":{"@id":"https:\/\/lamaquia.cat\/cas\/manifiesto-8m\/#primaryimage"},"thumbnailUrl":"https:\/\/lamaquia.cat\/cas\/wp-content\/uploads\/sites\/2\/2025\/04\/cartelaweb2.jpg","inLanguage":"es"},{"@type":"WebPage","@id":"https:\/\/lamaquia.cat\/cas\/manifiesto-8m\/","url":"https:\/\/lamaquia.cat\/cas\/manifiesto-8m\/","name":"MANIFIESTO 8M - La Maquia","isPartOf":{"@id":"https:\/\/lamaquia.cat\/cas\/#website"},"primaryImageOfPage":{"@id":"https:\/\/lamaquia.cat\/cas\/manifiesto-8m\/#primaryimage"},"image":{"@id":"https:\/\/lamaquia.cat\/cas\/manifiesto-8m\/#primaryimage"},"thumbnailUrl":"https:\/\/lamaquia.cat\/cas\/wp-content\/uploads\/sites\/2\/2025\/04\/cartelaweb2.jpg","datePublished":"2025-03-07T15:41:46+00:00","dateModified":"2025-04-10T14:50:45+00:00","breadcrumb":{"@id":"https:\/\/lamaquia.cat\/cas\/manifiesto-8m\/#breadcrumb"},"inLanguage":"es","potentialAction":[{"@type":"ReadAction","target":["https:\/\/lamaquia.cat\/cas\/manifiesto-8m\/"]}]},{"@type":"ImageObject","inLanguage":"es","@id":"https:\/\/lamaquia.cat\/cas\/manifiesto-8m\/#primaryimage","url":"https:\/\/lamaquia.cat\/cas\/wp-content\/uploads\/sites\/2\/2025\/04\/cartelaweb2.jpg","contentUrl":"https:\/\/lamaquia.cat\/cas\/wp-content\/uploads\/sites\/2\/2025\/04\/cartelaweb2.jpg","width":1090,"height":818},{"@type":"BreadcrumbList","@id":"https:\/\/lamaquia.cat\/cas\/manifiesto-8m\/#breadcrumb","itemListElement":[{"@type":"ListItem","position":1,"name":"LaMaquia","item":"https:\/\/lamaquia.cat\/cas\/"},{"@type":"ListItem","position":2,"name":"MANIFIESTO 8M"}]},{"@type":"WebSite","@id":"https:\/\/lamaquia.cat\/cas\/#website","url":"https:\/\/lamaquia.cat\/cas\/","name":"La Maquia","description":"P\u00e1gina web de la organizaci\u00f3n La M\u00e0quia Azadi jin","publisher":{"@id":"https:\/\/lamaquia.cat\/cas\/#organization"},"potentialAction":[{"@type":"SearchAction","target":{"@type":"EntryPoint","urlTemplate":"https:\/\/lamaquia.cat\/cas\/?s={search_term_string}"},"query-input":{"@type":"PropertyValueSpecification","valueRequired":true,"valueName":"search_term_string"}}],"inLanguage":"es"},{"@type":"Organization","@id":"https:\/\/lamaquia.cat\/cas\/#organization","name":"La Maquia","url":"https:\/\/lamaquia.cat\/cas\/","logo":{"@type":"ImageObject","inLanguage":"es","@id":"https:\/\/lamaquia.cat\/cas\/#\/schema\/logo\/image\/","url":"https:\/\/lamaquia.cat\/cas\/wp-content\/uploads\/sites\/2\/2024\/10\/Logo-La-Maquia_Fucsia_Web.png","contentUrl":"https:\/\/lamaquia.cat\/cas\/wp-content\/uploads\/sites\/2\/2024\/10\/Logo-La-Maquia_Fucsia_Web.png","width":512,"height":512,"caption":"La Maquia"},"image":{"@id":"https:\/\/lamaquia.cat\/cas\/#\/schema\/logo\/image\/"},"sameAs":["https:\/\/x.com\/azadijin_cat","https:\/\/www.instagram.com\/la.maquia\/"]},{"@type":"Person","@id":"https:\/\/lamaquia.cat\/cas\/#\/schema\/person\/bb2b1aa60c96fdc02b75568fdb05b75e","name":"MaquiaAdmin","image":{"@type":"ImageObject","inLanguage":"es","@id":"https:\/\/lamaquia.cat\/cas\/#\/schema\/person\/image\/","url":"https:\/\/secure.gravatar.com\/avatar\/8037c549208bb2ce0eeda1264cdbaf2d?s=96&d=mm&r=g","contentUrl":"https:\/\/secure.gravatar.com\/avatar\/8037c549208bb2ce0eeda1264cdbaf2d?s=96&d=mm&r=g","caption":"MaquiaAdmin"},"sameAs":["https:\/\/lamaquia.cat"],"url":"https:\/\/lamaquia.cat\/cas\/author\/maquiaadmin\/"}]}},"_links":{"self":[{"href":"https:\/\/lamaquia.cat\/cas\/wp-json\/wp\/v2\/posts\/826","targetHints":{"allow":["GET"]}}],"collection":[{"href":"https:\/\/lamaquia.cat\/cas\/wp-json\/wp\/v2\/posts"}],"about":[{"href":"https:\/\/lamaquia.cat\/cas\/wp-json\/wp\/v2\/types\/post"}],"author":[{"embeddable":true,"href":"https:\/\/lamaquia.cat\/cas\/wp-json\/wp\/v2\/users\/1"}],"replies":[{"embeddable":true,"href":"https:\/\/lamaquia.cat\/cas\/wp-json\/wp\/v2\/comments?post=826"}],"version-history":[{"count":7,"href":"https:\/\/lamaquia.cat\/cas\/wp-json\/wp\/v2\/posts\/826\/revisions"}],"predecessor-version":[{"id":834,"href":"https:\/\/lamaquia.cat\/cas\/wp-json\/wp\/v2\/posts\/826\/revisions\/834"}],"wp:featuredmedia":[{"embeddable":true,"href":"https:\/\/lamaquia.cat\/cas\/wp-json\/wp\/v2\/media\/831"}],"wp:attachment":[{"href":"https:\/\/lamaquia.cat\/cas\/wp-json\/wp\/v2\/media?parent=826"}],"wp:term":[{"taxonomy":"category","embeddable":true,"href":"https:\/\/lamaquia.cat\/cas\/wp-json\/wp\/v2\/categories?post=826"},{"taxonomy":"post_tag","embeddable":true,"href":"https:\/\/lamaquia.cat\/cas\/wp-json\/wp\/v2\/tags?post=826"}],"curies":[{"name":"wp","href":"https:\/\/api.w.org\/{rel}","templated":true}]}}